{"id":17070,"date":"2018-08-23T15:09:08","date_gmt":"2018-08-23T15:09:08","guid":{"rendered":"https:\/\/portal.sma.gob.cl\/index.php\/2018\/08\/23\/nuevo-ciclo-de-talleres-para-impuesto-verde\/"},"modified":"2018-12-20T16:16:11","modified_gmt":"2018-12-20T16:16:11","slug":"nuevo-ciclo-de-talleres-para-impuesto-verde","status":"publish","type":"post","link":"https:\/\/portal.sma.gob.cl\/index.php\/nuevo-ciclo-de-talleres-para-impuesto-verde\/","title":{"rendered":"Nuevo ciclo de talleres para impuesto verde"},"content":{"rendered":"<p style=\"text-align: justify;\"><strong>Las actividades se realizar\u00e1n en tres regiones del pa\u00eds y se dirigen principalmente a titulares de establecimientos industriales afectos al gravamen.<\/strong><\/p>\n<p><!--more--><\/p>\n<p style=\"text-align: justify;\"><strong>Santiago, 23 de agosto de 2018.<\/strong> En el marco del proceso de asistencia al cumplimiento a establecimientos afectos al impuesto a fuentes fijas, se ha programado la realizaci\u00f3n de un ciclo de talleres orientados a titulares de establecimientos afectos, y a p\u00fablico general (cupos limitados).<\/p>\n<p style=\"text-align: justify;\">En los talleres se presentar\u00e1n los resultados del primer a\u00f1o de cuantificaci\u00f3n de las emisiones afectas al impuesto, las novedades de la Res.55\/2018 SMA, que actualiza el sistema MRV (Medici\u00f3n, Reporte y Verificaci\u00f3n), y los nuevos m\u00f3dulos del Sistema de Impuesto Verde (SIV). Las fechas y lugares donde se realizar\u00e1n los talleres son los siguientes:<\/p>\n<table style=\"background: #f7f7f9; border-collapse: collapse;\" border=\"0\" cellspacing=\"0\" cellpadding=\"0\">\n<tbody>\n<tr>\n<td style=\"width: 23.4pt; border: 1pt solid windowtext; background: #d9d9d9; padding: 0cm 5.4pt;\" valign=\"top\" width=\"31\">\n<p style=\"margin: 3.75pt 0cm 0.0001pt; text-align: center;\" align=\"center\"><strong><span style=\"font-size: 11pt; font-family: Calibri, sans-serif;\" data-mce-mark=\"1\">N\u00b0<\/span><\/strong><\/p>\n<\/td>\n<td style=\"width: 103.7pt; border-top: 1pt solid windowtext; border-right: 1pt solid windowtext; border-bottom: 1pt solid windowtext; border-left: none; background: #d9d9d9; padding: 0cm 5.4pt;\" valign=\"top\" width=\"138\">\n<p style=\"margin: 3.75pt 0cm 0.0001pt; text-align: center;\" align=\"center\"><strong><span style=\"font-size: 11pt; font-family: Calibri, sans-serif;\" data-mce-mark=\"1\">Fecha \/ Hora<\/span><\/strong><\/p>\n<\/td>\n<td style=\"width: 92.15pt; border-top: 1pt solid windowtext; border-right: 1pt solid windowtext; border-bottom: 1pt solid windowtext; border-left: none; background: #d9d9d9; padding: 0cm 5.4pt;\" valign=\"top\" width=\"123\">\n<p style=\"margin: 3.75pt 0cm 0.0001pt; text-align: center;\" align=\"center\"><strong><span style=\"font-size: 11pt; font-family: Calibri, sans-serif;\" data-mce-mark=\"1\">Regi\u00f3n\/Ciudad<\/span><\/strong><\/p>\n<\/td>\n<td style=\"width: 4cm; border-top: 1pt solid windowtext; border-right: 1pt solid windowtext; border-bottom: 1pt solid windowtext; border-left: none; background: #d9d9d9; padding: 0cm 5.4pt;\" valign=\"top\" width=\"151\">\n<p style=\"margin: 3.75pt 0cm 0.0001pt; text-align: center;\" align=\"center\"><strong><span style=\"font-size: 11pt; font-family: Calibri, sans-serif;\" data-mce-mark=\"1\">Hotel\/Sal\u00f3n<\/span><\/strong><\/p>\n<\/td>\n<td style=\"width: 108.25pt; border-top: 1pt solid windowtext; border-right: 1pt solid windowtext; border-bottom: 1pt solid windowtext; border-left: none; background: #d9d9d9; padding: 0cm 5.4pt;\" valign=\"top\" width=\"144\">\n<p style=\"margin: 3.75pt 0cm 0.0001pt; text-align: center;\" align=\"center\"><strong><span style=\"font-size: 11pt; font-family: Calibri, sans-serif;\" data-mce-mark=\"1\">Direcci\u00f3n<\/span><\/strong><\/p>\n<\/td>\n<\/tr>\n<tr>\n<td style=\"width: 23.4pt; border-right: 1pt solid windowtext; border-bottom: 1pt solid windowtext; border-left: 1pt solid windowtext; border-top: none; padding: 0cm 5.4pt;\" width=\"31\">\n<p style=\"margin: 3.75pt 0cm 0.0001pt;\"><span style=\"font-size: 11pt; font-family: Calibri, sans-serif;\" data-mce-mark=\"1\">1<\/span><\/p>\n<\/td>\n<td style=\"width: 103.7pt; border-top: none; border-left: none; border-bottom: 1pt solid windowtext; border-right: 1pt solid windowtext; padding: 0cm 5.4pt;\" width=\"138\">\n<p style=\"margin: 3.75pt 0cm 0.0001pt; text-align: center;\" align=\"center\"><span style=\"font-size: 11pt; font-family: Calibri, sans-serif;\" data-mce-mark=\"1\">31 de agosto \/\u00a0\u00a0\u00a0\u00a0\u00a0\u00a0\u00a0\u00a0 8:30-12:30<\/span><\/p>\n<\/td>\n<td style=\"width: 92.15pt; border-top: none; border-left: none; border-bottom: 1pt solid windowtext; border-right: 1pt solid windowtext; padding: 0cm 5.4pt;\" width=\"123\">\n<p style=\"margin: 3.75pt 0cm 0.0001pt;\"><span style=\"font-size: 11pt; font-family: Calibri, sans-serif;\" data-mce-mark=\"1\">Metropolitana, Santiago \/ <strong>Cupos Agotados<\/strong><\/span><\/p>\n<\/td>\n<td style=\"width: 4cm; border-top: none; border-left: none; border-bottom: 1pt solid windowtext; border-right: 1pt solid windowtext; padding: 0cm 5.4pt;\" width=\"151\">\n<p style=\"margin: 3.75pt 0cm 0.0001pt;\"><span style=\"font-size: 11pt; font-family: Calibri, sans-serif;\" data-mce-mark=\"1\">Hotel Fundador<\/span><\/p>\n<\/td>\n<td style=\"width: 108.25pt; border-top: none; border-left: none; border-bottom: 1pt solid windowtext; border-right: 1pt solid windowtext; padding: 0cm 5.4pt;\" width=\"144\">\n<p style=\"margin: 3.75pt 0cm 0.0001pt;\"><span style=\"font-size: 11pt; font-family: Calibri, sans-serif;\" data-mce-mark=\"1\">Paseo Serrano N\u00b0 34, Santiago.<\/span><\/p>\n<\/td>\n<\/tr>\n<tr>\n<td style=\"width: 23.4pt; border-right: 1pt solid windowtext; border-bottom: 1pt solid windowtext; border-left: 1pt solid windowtext; border-top: none; padding: 0cm 5.4pt;\" width=\"31\">\n<p style=\"margin: 3.75pt 0cm 0.0001pt;\"><span style=\"font-size: 11pt; font-family: Calibri, sans-serif;\" data-mce-mark=\"1\">2<\/span><\/p>\n<\/td>\n<td style=\"width: 103.7pt; border-top: none; border-left: none; border-bottom: 1pt solid windowtext; border-right: 1pt solid windowtext; padding: 0cm 5.4pt;\" width=\"138\">\n<p style=\"margin: 3.75pt 0cm 0.0001pt; text-align: center;\" align=\"center\"><span style=\"font-size: 11pt; font-family: Calibri, sans-serif;\" data-mce-mark=\"1\">25 de septiembre \/ 8:30-12:30<\/span><\/p>\n<\/td>\n<td style=\"width: 92.15pt; border-top: none; border-left: none; border-bottom: 1pt solid windowtext; border-right: 1pt solid windowtext; padding: 0cm 5.4pt;\" width=\"123\">\n<p style=\"margin: 3.75pt 0cm 0.0001pt;\"><span style=\"font-size: 11pt; font-family: Calibri, sans-serif;\" data-mce-mark=\"1\">Antofagasta, Antofagasta<\/span><\/p>\n<\/td>\n<td style=\"width: 4cm; border-top: none; border-left: none; border-bottom: 1pt solid windowtext; border-right: 1pt solid windowtext; padding: 0cm 5.4pt;\" width=\"151\">\n<p style=\"margin: 3.75pt 0cm 0.0001pt;\"><span style=\"font-size: 11pt; font-family: Calibri, sans-serif;\" data-mce-mark=\"1\">Hotel Antofagasta \/ Sal\u00f3n Jos\u00e9 Santos Ossa<\/span><\/p>\n<\/td>\n<td style=\"width: 108.25pt; border-top: none; border-left: none; border-bottom: 1pt solid windowtext; border-right: 1pt solid windowtext; padding: 0cm 5.4pt;\" width=\"144\">\n<p style=\"margin: 3.75pt 0cm 0.0001pt;\"><span style=\"font-size: 11pt; font-family: Calibri, sans-serif;\" data-mce-mark=\"1\">Balmaceda N\u00b02575, Antofagasta.<\/span><\/p>\n<\/td>\n<\/tr>\n<tr>\n<td style=\"width: 23.4pt; border-right: 1pt solid windowtext; border-bottom: 1pt solid windowtext; border-left: 1pt solid windowtext; border-top: none; padding: 0cm 5.4pt;\" width=\"31\">\n<p style=\"margin: 3.75pt 0cm 0.0001pt;\"><span style=\"font-size: 11pt; font-family: Calibri, sans-serif;\" data-mce-mark=\"1\">3<\/span><\/p>\n<\/td>\n<td style=\"width: 103.7pt; border-top: none; border-left: none; border-bottom: 1pt solid windowtext; border-right: 1pt solid windowtext; padding: 0cm 5.4pt;\" width=\"138\">\n<p style=\"margin: 3.75pt 0cm 0.0001pt; text-align: center;\" align=\"center\"><span style=\"font-size: 11pt; font-family: Calibri, sans-serif;\" data-mce-mark=\"1\">27 de septiembre \/ 8:30-12:30<\/span><\/p>\n<\/td>\n<td style=\"width: 92.15pt; border-top: none; border-left: none; border-bottom: 1pt solid windowtext; border-right: 1pt solid windowtext; padding: 0cm 5.4pt;\" width=\"123\">\n<p style=\"margin: 3.75pt 0cm 0.0001pt;\"><span style=\"font-size: 11pt; font-family: Calibri, sans-serif;\" data-mce-mark=\"1\">Biob\u00edo, Concepci\u00f3n<\/span><\/p>\n<\/td>\n<td style=\"width: 4cm; border-top: none; border-left: none; border-bottom: 1pt solid windowtext; border-right: 1pt solid windowtext; padding: 0cm 5.4pt;\" width=\"151\">\n<p style=\"margin: 3.75pt 0cm 0.0001pt;\"><span style=\"font-size: 11pt; font-family: Calibri, sans-serif;\" data-mce-mark=\"1\">Hotel Attom \/ Creatividad<\/span><\/p>\n<\/td>\n<td style=\"width: 108.25pt; border-top: none; border-left: none; border-bottom: 1pt solid windowtext; border-right: 1pt solid windowtext; padding: 0cm 5.4pt;\" width=\"144\">\n<p style=\"margin: 3.75pt 0cm 0.0001pt;\"><span style=\"font-size: 11pt; font-family: Calibri, sans-serif;\" data-mce-mark=\"1\">Cochrane poniente N\u00b0 75, Concepci\u00f3n.<\/span><\/p>\n<\/td>\n<\/tr>\n<\/tbody>\n<\/table>\n<p style=\"text-align: justify;\">Para confirmar su participaci\u00f3n, solicitamos enviar correo electr\u00f3nico a <a style=\"font-size: 12.16px;\" href=\"mailto:tallersma@sma.gob.cl\">tallersma@sma.gob.cl<\/a> indicando en el asunto, ciudad para la que confirma su participaci\u00f3n, se\u00f1alando adem\u00e1s su nombre, empresa a la que pertenece y correo electr\u00f3nico de contacto (2 cupos por establecimiento como m\u00e1ximo).\u00a0Los que ya se encuentran inscritos ser\u00e1n considerados autom\u00e1ticamente para las nuevas fechas, a menos que envi\u00e9 un mail indicando lo contrario, a la misma direcci\u00f3n de confirmaci\u00f3n.<\/p>\n","protected":false},"excerpt":{"rendered":"<p>Las actividades se realizar\u00e1n en tres regiones del pa\u00eds y se dirigen principalmente a titulares de establecimientos industriales afectos al gravamen.<\/p>\n","protected":false},"author":3,"featured_media":17069,"comment_status":"open","ping_status":"open","sticky":false,"template":"","format":"standard","meta":{"footnotes":""},"categories":[94],"tags":[],"class_list":["post-17070","post","type-post","status-publish","format-standard","has-post-thumbnail","hentry","category-notas-noticias"],"_links":{"self":[{"href":"https:\/\/portal.sma.gob.cl\/index.php\/wp-json\/wp\/v2\/posts\/17070","targetHints":{"allow":["GET"]}}],"collection":[{"href":"https:\/\/portal.sma.gob.cl\/index.php\/wp-json\/wp\/v2\/posts"}],"about":[{"href":"https:\/\/portal.sma.gob.cl\/index.php\/wp-json\/wp\/v2\/types\/post"}],"author":[{"embeddable":true,"href":"https:\/\/portal.sma.gob.cl\/index.php\/wp-json\/wp\/v2\/users\/3"}],"replies":[{"embeddable":true,"href":"https:\/\/portal.sma.gob.cl\/index.php\/wp-json\/wp\/v2\/comments?post=17070"}],"version-history":[{"count":2,"href":"https:\/\/portal.sma.gob.cl\/index.php\/wp-json\/wp\/v2\/posts\/17070\/revisions"}],"predecessor-version":[{"id":17420,"href":"https:\/\/portal.sma.gob.cl\/index.php\/wp-json\/wp\/v2\/posts\/17070\/revisions\/17420"}],"wp:featuredmedia":[{"embeddable":true,"href":"https:\/\/portal.sma.gob.cl\/index.php\/wp-json\/wp\/v2\/media\/17069"}],"wp:attachment":[{"href":"https:\/\/portal.sma.gob.cl\/index.php\/wp-json\/wp\/v2\/media?parent=17070"}],"wp:term":[{"taxonomy":"category","embeddable":true,"href":"https:\/\/portal.sma.gob.cl\/index.php\/wp-json\/wp\/v2\/categories?post=17070"},{"taxonomy":"post_tag","embeddable":true,"href":"https:\/\/portal.sma.gob.cl\/index.php\/wp-json\/wp\/v2\/tags?post=17070"}],"curies":[{"name":"wp","href":"https:\/\/api.w.org\/{rel}","templated":true}]}}