{"id":17074,"date":"2018-08-30T15:54:03","date_gmt":"2018-08-30T15:54:03","guid":{"rendered":"https:\/\/portal.sma.gob.cl\/index.php\/2018\/08\/30\/sma-realiza-taller-de-cumplimiento-ambiental-para-codelco-centro-y-sur\/"},"modified":"2018-12-20T16:14:42","modified_gmt":"2018-12-20T16:14:42","slug":"sma-realiza-taller-de-cumplimiento-ambiental-para-codelco-centro-y-sur","status":"publish","type":"post","link":"https:\/\/portal.sma.gob.cl\/index.php\/sma-realiza-taller-de-cumplimiento-ambiental-para-codelco-centro-y-sur\/","title":{"rendered":"SMA realiza taller de cumplimiento ambiental para Codelco Centro y Sur"},"content":{"rendered":"<p style=\"text-align: justify;\">\u00a0<strong>La actividad entreg\u00f3 conceptos clave de la fiscalizaci\u00f3n ambiental estrat\u00e9gica que aplica la Superintendencia del Medio Ambiente.<\/strong><\/p>\n<p><!--more--><\/p>\n<p style=\"text-align: justify;\"><strong>Santiago, 30 de agosto de 2018.<\/strong> En la ciudad de Santiago, se llev\u00f3 a cabo un taller de promoci\u00f3n al cumplimiento de la normativa ambiental realizado por la Superintendencia del Medio Ambiente (SMA) donde participaron cerca de 25 profesionales de Codelco de las operaciones de El Teniente, Andina, Ventanas, Radomiro Tomic y Casa Central.<\/p>\n<p style=\"text-align: justify;\">La apertura del taller estuvo a cargo del Superintendente del Medio Ambiente, Cristi\u00e1n Franz, quien destac\u00f3 la importancia de este tipo de encuentro. \u201cLa labor de difusi\u00f3n y de acercamiento de la SMA con las empresas titulares presta utilidad, para explicar la importancia y el contenido de nuestra funci\u00f3n de fiscalizaci\u00f3n\u201d, sostuvo. Adem\u00e1s, la autoridad plante\u00f3 la posibilidad de generar herramientas tempranas que permitan un mejor cumplimiento ambiental para la industria, y que logren tambi\u00e9n correcciones anticipadas a las empresas, para que no terminen necesariamente en un proceso sancionatorio.<\/p>\n<p style=\"text-align: justify;\">Luego, el jefe de la Divisi\u00f3n de Fiscalizaci\u00f3n de la SMA, Rub\u00e9n Verdugo, explic\u00f3 los conceptos b\u00e1sicos que utiliza la instituci\u00f3n a la hora de fiscalizar, as\u00ed como tambi\u00e9n la necesidad de transparencia en los actos p\u00fablicos y privados, considerando hoy el escenario digital con ciudadanos cada vez m\u00e1s empoderados. \u201cCon este tipo de talleres, buscamos que las empresas internalicen el criterio de fiscalizaci\u00f3n ambiental estrat\u00e9gica usado por la SMA y que lo utilicen como herramienta de cumplimiento normativo, transform\u00e1ndose de este modo en sus primeros fiscalizadores\u201d, afirm\u00f3.<\/p>\n<p style=\"text-align: justify;\">A lo largo del taller, Claudia Pastore, Paola Jara y Patricio Walker de la Divisi\u00f3n de Fiscalizaci\u00f3n, explicaron el concepto de \u201cFiscalizaci\u00f3n Ambiental Estrat\u00e9gica\u201d, revisando conceptos utilizados para la gesti\u00f3n interna, tales la \u201cUnidad Fiscalizable\u201d, el riesgo ambiental y seguimiento ambiental , este \u00faltimo con la revisi\u00f3n de ejemplos y criterios de revisi\u00f3n.<\/p>\n<p style=\"text-align: justify;\">La actividad termin\u00f3 con un ejercicio pr\u00e1ctico: en grupos de trabajo se abordaron casos de contingencias y fiscalizaciones ambientales reales asociadas al sector minero. As\u00ed, los participantes, pudieron analizar con datos los hallazgos que se encontraron en cada caso, y pudieron definir si se decretar\u00edan medidas provisionales para proteger el medio ambiente y la salud de las personas.<\/p>\n","protected":false},"excerpt":{"rendered":"<p>\u00a0La actividad entreg\u00f3 conceptos clave de la fiscalizaci\u00f3n ambiental estrat\u00e9gica que aplica la Superintendencia del Medio Ambiente.<\/p>\n","protected":false},"author":3,"featured_media":17073,"comment_status":"open","ping_status":"open","sticky":false,"template":"","format":"standard","meta":{"footnotes":""},"categories":[94],"tags":[],"class_list":["post-17074","post","type-post","status-publish","format-standard","has-post-thumbnail","hentry","category-notas-noticias"],"_links":{"self":[{"href":"https:\/\/portal.sma.gob.cl\/index.php\/wp-json\/wp\/v2\/posts\/17074","targetHints":{"allow":["GET"]}}],"collection":[{"href":"https:\/\/portal.sma.gob.cl\/index.php\/wp-json\/wp\/v2\/posts"}],"about":[{"href":"https:\/\/portal.sma.gob.cl\/index.php\/wp-json\/wp\/v2\/types\/post"}],"author":[{"embeddable":true,"href":"https:\/\/portal.sma.gob.cl\/index.php\/wp-json\/wp\/v2\/users\/3"}],"replies":[{"embeddable":true,"href":"https:\/\/portal.sma.gob.cl\/index.php\/wp-json\/wp\/v2\/comments?post=17074"}],"version-history":[{"count":1,"href":"https:\/\/portal.sma.gob.cl\/index.php\/wp-json\/wp\/v2\/posts\/17074\/revisions"}],"predecessor-version":[{"id":17417,"href":"https:\/\/portal.sma.gob.cl\/index.php\/wp-json\/wp\/v2\/posts\/17074\/revisions\/17417"}],"wp:featuredmedia":[{"embeddable":true,"href":"https:\/\/portal.sma.gob.cl\/index.php\/wp-json\/wp\/v2\/media\/17073"}],"wp:attachment":[{"href":"https:\/\/portal.sma.gob.cl\/index.php\/wp-json\/wp\/v2\/media?parent=17074"}],"wp:term":[{"taxonomy":"category","embeddable":true,"href":"https:\/\/portal.sma.gob.cl\/index.php\/wp-json\/wp\/v2\/categories?post=17074"},{"taxonomy":"post_tag","embeddable":true,"href":"https:\/\/portal.sma.gob.cl\/index.php\/wp-json\/wp\/v2\/tags?post=17074"}],"curies":[{"name":"wp","href":"https:\/\/api.w.org\/{rel}","templated":true}]}}