{"id":17076,"date":"2018-08-30T17:31:11","date_gmt":"2018-08-30T17:31:11","guid":{"rendered":"https:\/\/portal.sma.gob.cl\/index.php\/2018\/08\/30\/sma-solicita-detencion-de-funcionamiento-de-faena-extractiva-en-dunas-de-ritoque\/"},"modified":"2018-12-20T16:14:07","modified_gmt":"2018-12-20T16:14:07","slug":"sma-solicita-detencion-de-funcionamiento-de-faena-extractiva-en-dunas-de-ritoque","status":"publish","type":"post","link":"https:\/\/portal.sma.gob.cl\/index.php\/sma-solicita-detencion-de-funcionamiento-de-faena-extractiva-en-dunas-de-ritoque\/","title":{"rendered":"SMA solicita detenci\u00f3n de funcionamiento de faena extractiva en dunas de Ritoque"},"content":{"rendered":"<p style=\"text-align: justify;\">\u00a0<strong>Con esta solicitud la Superintendencia del Medio Ambiente (SMA) busca la detenci\u00f3n de la faena extractiva de \u00e1ridos que se ejecuta por Sociedad Ganadera y Extractora de \u00c1ridos Santa \u00c1ngela Limitada, en el sector noreste del campo de Dunas de Ritoque.<\/strong><\/p>\n<p><!--more--><\/p>\n<p style=\"text-align: justify;\"><strong>Santiago, 30 de agosto de 2018<\/strong>. La Superintendencia del Medio Ambiente, con fecha 30 de agosto de 2018, ingres\u00f3 al Ilustre Segundo Tribunal Ambiental de Santiago, una solicitud para se autorice la detenci\u00f3n de la faena extractiva de \u00e1ridos que se ejecuta por Sociedad Ganadera y Extractora de \u00c1ridos Santa \u00c1ngela Limitada, en el sector noreste del campo de Dunas de Ritoque, que corresponde al Fundo Las Palmas, Km 13, Ruta F-30-E, Quintero, Regi\u00f3n de Valpara\u00edso, por el plazo de 30 d\u00edas corridos.<\/p>\n<p style=\"text-align: justify;\">Luego de una serie de actividades de fiscalizaci\u00f3n realizadas por la SMA, se lleg\u00f3 a la conclusi\u00f3n de que la faena de la referida empresa, se estaba ejecutando al margen del Sistema de Evaluaci\u00f3n de Impacto Ambiental, lo cual genera un riesgo ambiental para la flora y fauna del lugar, as\u00ed como una alternaci\u00f3n a la continuidad superficial natural de las Dunas de Ritoque.<\/p>\n<p style=\"text-align: justify;\">Actualmente, la se\u00f1alada solicitud de paralizaci\u00f3n -elevada por la SMA- quedar\u00e1 en manos del Ilustre Segundo Tribunal Ambiental de Santiago, quien en los pr\u00f3ximos d\u00edas deber\u00e1 decidir si autoriza o no la misma<\/p>\n<p style=\"text-align: justify;\">Asimismo, la SMA, con fecha 10 de julio de 2018, instruy\u00f3 un procedimiento sancionatorio en contra de la empresa, imput\u00e1ndole la ejecuci\u00f3n de un proyecto de extracci\u00f3n industrial de arena desde el Campo de Dunas de Ritoque que supera los cien mil metros c\u00fabicos (100.000 m\u00b3) totales de material removido durante la vida \u00fatil del proyecto o actividad, y que abarca una superficie total igual o mayor a cinco hect\u00e1reas (5 ha), sin contar con una Resoluci\u00f3n de Calificaci\u00f3n Ambiental que lo autorice.<\/p>\n<p style=\"text-align: justify;\">M\u00e1s informaci\u00f3n del caso en el Sistema Nacional de Informaci\u00f3n de Fiscalizaci\u00f3n Ambiental (SNIFA): <a href=\"http:\/\/snifa.sma.gob.cl\/v2\/Sancionatorio\/Ficha\/1757\">http:\/\/snifa.sma.gob.cl\/v2\/Sancionatorio\/Ficha\/1757<\/a><\/p>\n","protected":false},"excerpt":{"rendered":"<p>\u00a0Con esta solicitud la Superintendencia del Medio Ambiente (SMA) busca la detenci\u00f3n de la faena extractiva de \u00e1ridos que se ejecuta por Sociedad Ganadera y Extractora de \u00c1ridos Santa \u00c1ngela Limitada, en el sector noreste del campo de Dunas de Ritoque.<\/p>\n","protected":false},"author":3,"featured_media":17075,"comment_status":"open","ping_status":"open","sticky":false,"template":"","format":"standard","meta":{"footnotes":""},"categories":[90],"tags":[],"class_list":["post-17076","post","type-post","status-publish","format-standard","has-post-thumbnail","hentry","category-comunicados-noticias"],"_links":{"self":[{"href":"https:\/\/portal.sma.gob.cl\/index.php\/wp-json\/wp\/v2\/posts\/17076","targetHints":{"allow":["GET"]}}],"collection":[{"href":"https:\/\/portal.sma.gob.cl\/index.php\/wp-json\/wp\/v2\/posts"}],"about":[{"href":"https:\/\/portal.sma.gob.cl\/index.php\/wp-json\/wp\/v2\/types\/post"}],"author":[{"embeddable":true,"href":"https:\/\/portal.sma.gob.cl\/index.php\/wp-json\/wp\/v2\/users\/3"}],"replies":[{"embeddable":true,"href":"https:\/\/portal.sma.gob.cl\/index.php\/wp-json\/wp\/v2\/comments?post=17076"}],"version-history":[{"count":1,"href":"https:\/\/portal.sma.gob.cl\/index.php\/wp-json\/wp\/v2\/posts\/17076\/revisions"}],"predecessor-version":[{"id":17416,"href":"https:\/\/portal.sma.gob.cl\/index.php\/wp-json\/wp\/v2\/posts\/17076\/revisions\/17416"}],"wp:featuredmedia":[{"embeddable":true,"href":"https:\/\/portal.sma.gob.cl\/index.php\/wp-json\/wp\/v2\/media\/17075"}],"wp:attachment":[{"href":"https:\/\/portal.sma.gob.cl\/index.php\/wp-json\/wp\/v2\/media?parent=17076"}],"wp:term":[{"taxonomy":"category","embeddable":true,"href":"https:\/\/portal.sma.gob.cl\/index.php\/wp-json\/wp\/v2\/categories?post=17076"},{"taxonomy":"post_tag","embeddable":true,"href":"https:\/\/portal.sma.gob.cl\/index.php\/wp-json\/wp\/v2\/tags?post=17076"}],"curies":[{"name":"wp","href":"https:\/\/api.w.org\/{rel}","templated":true}]}}