{"id":17080,"date":"2018-09-03T18:35:15","date_gmt":"2018-09-03T18:35:15","guid":{"rendered":"https:\/\/portal.sma.gob.cl\/index.php\/2018\/09\/03\/sma-de-la-region-del-biobio-realiza-reunion-en-el-marco-del-incentivo-al-cumplimiento\/"},"modified":"2018-12-19T21:17:51","modified_gmt":"2018-12-19T21:17:51","slug":"sma-de-la-region-del-biobio-realiza-reunion-en-el-marco-del-incentivo-al-cumplimiento","status":"publish","type":"post","link":"https:\/\/portal.sma.gob.cl\/index.php\/sma-de-la-region-del-biobio-realiza-reunion-en-el-marco-del-incentivo-al-cumplimiento\/","title":{"rendered":"SMA de la regi\u00f3n del Biob\u00edo realiza reuni\u00f3n en el marco del incentivo al cumplimiento"},"content":{"rendered":"<p style=\"text-align: justify;\">\n<p style=\"text-align: justify;\"><strong>En conjunto con representantes de rellenos sanitarios de la zona y del Seremi de Salud local.<\/strong><\/p>\n<p><!--more--><\/p>\n<p style=\"text-align: justify;\"><strong>Concepci\u00f3n, 03 de septiembre de 2018.<\/strong> El equipo de la Superintendencia del Medio Ambiente (SMA) de la Regi\u00f3n del Biob\u00edo realiz\u00f3 una reuni\u00f3n en sus dependencias sobre la promoci\u00f3n al cumplimiento, actividad que cont\u00f3 con la presencia de los representantes de los cinco rellenos sanitarios de la zona y el coordinador Regional de la Unidad de Ambiental de la Seremi de Salud, Ernesto Bravo, quien se\u00f1al\u00f3 sus competencias de acuerdo a los reglamentos sectoriales.<br \/>\nPor su parte, la jefa Regional de la Oficina del Biob\u00edo de la SMA, Emelina Zamorano, present\u00f3 la estad\u00edstica de las fiscalizaciones realizadas durante el per\u00edodo 2013-2018, as\u00ed como los hallazgos m\u00e1s reiterados que se han detectado en las inspecciones a los rellenos sanitarios, y que se han sancionado. Tambi\u00e9n enfatiz\u00f3 la importancia del programa de cumplimiento y sus reportes.<br \/>\nAdem\u00e1s, durante el encuentro se acord\u00f3 el aviso oportuno de los incidentes y de la preparaci\u00f3n por el riesgo de incendios forestales de la temporada que se aproxima.<\/p>\n","protected":false},"excerpt":{"rendered":"<p>En conjunto con representantes de rellenos sanitarios de la zona y del Seremi de Salud local.<\/p>\n","protected":false},"author":3,"featured_media":17079,"comment_status":"open","ping_status":"open","sticky":false,"template":"","format":"standard","meta":{"footnotes":""},"categories":[94],"tags":[],"class_list":["post-17080","post","type-post","status-publish","format-standard","has-post-thumbnail","hentry","category-notas-noticias"],"_links":{"self":[{"href":"https:\/\/portal.sma.gob.cl\/index.php\/wp-json\/wp\/v2\/posts\/17080","targetHints":{"allow":["GET"]}}],"collection":[{"href":"https:\/\/portal.sma.gob.cl\/index.php\/wp-json\/wp\/v2\/posts"}],"about":[{"href":"https:\/\/portal.sma.gob.cl\/index.php\/wp-json\/wp\/v2\/types\/post"}],"author":[{"embeddable":true,"href":"https:\/\/portal.sma.gob.cl\/index.php\/wp-json\/wp\/v2\/users\/3"}],"replies":[{"embeddable":true,"href":"https:\/\/portal.sma.gob.cl\/index.php\/wp-json\/wp\/v2\/comments?post=17080"}],"version-history":[{"count":1,"href":"https:\/\/portal.sma.gob.cl\/index.php\/wp-json\/wp\/v2\/posts\/17080\/revisions"}],"predecessor-version":[{"id":17386,"href":"https:\/\/portal.sma.gob.cl\/index.php\/wp-json\/wp\/v2\/posts\/17080\/revisions\/17386"}],"wp:featuredmedia":[{"embeddable":true,"href":"https:\/\/portal.sma.gob.cl\/index.php\/wp-json\/wp\/v2\/media\/17079"}],"wp:attachment":[{"href":"https:\/\/portal.sma.gob.cl\/index.php\/wp-json\/wp\/v2\/media?parent=17080"}],"wp:term":[{"taxonomy":"category","embeddable":true,"href":"https:\/\/portal.sma.gob.cl\/index.php\/wp-json\/wp\/v2\/categories?post=17080"},{"taxonomy":"post_tag","embeddable":true,"href":"https:\/\/portal.sma.gob.cl\/index.php\/wp-json\/wp\/v2\/tags?post=17080"}],"curies":[{"name":"wp","href":"https:\/\/api.w.org\/{rel}","templated":true}]}}