{"id":17082,"date":"2018-09-03T20:55:23","date_gmt":"2018-09-03T20:55:23","guid":{"rendered":"https:\/\/portal.sma.gob.cl\/index.php\/2018\/09\/03\/sma-de-antofagasta-se-reune-con-vecinos-de-poblacion-playa-blanca\/"},"modified":"2018-12-19T21:17:20","modified_gmt":"2018-12-19T21:17:20","slug":"sma-de-antofagasta-se-reune-con-vecinos-de-poblacion-playa-blanca","status":"publish","type":"post","link":"https:\/\/portal.sma.gob.cl\/index.php\/sma-de-antofagasta-se-reune-con-vecinos-de-poblacion-playa-blanca\/","title":{"rendered":"SMA de Antofagasta se re\u00fane con vecinos de poblaci\u00f3n Playa Blanca"},"content":{"rendered":"<p style=\"text-align: justify;\"><strong style=\"font-size: 12.16px;\">A trav\u00e9s de la organizaci\u00f3n de una mesa de trabajo junto a otras autoridades locales para prevenir denuncias por ruidos molestos.<\/strong><\/p>\n<p><!--more--><\/p>\n<p style=\"text-align: justify;\"><strong>Antofagasta, 31 de agosto de 2018.<\/strong> El equipo de la Superintendencia del Medio Ambiente (SMA) de la Regi\u00f3n de Antofagasta particip\u00f3 de una mesa de trabajo organizada por vecinos del sector de Playa Blanca, para revisar acciones que colaboren a disminuir denuncias por ruidos molestos, y que es uno de los problemas m\u00e1s recurrentes en dicho sector.<\/p>\n<p style=\"text-align: justify;\">El encuentro, tambi\u00e9n cont\u00f3 con la participaron de otras autoridades locales como Carabineros, Director de Seguridad P\u00fablica, Director de Ciudadan\u00eda de la Ilustre Municipalidad de Antofagasta, Concejales, y adem\u00e1s se sumaron a la mesa de trabajo, due\u00f1os de Pub y Discotheque ubicados en el balneario.<\/p>\n<p style=\"text-align: justify;\">En la actividad, la Jefa Regional de la SMA de Antofagasta, Sandra Cortez, explic\u00f3 el rol de la entidad fiscalizadora con respecto a la normativa de ruidos y qu\u00e9 hacer cuando se incumple \u00e9sta. Adem\u00e1s, reforz\u00f3 en qu\u00e9 consisten los Programa de Cumplimiento (PdC), plan de acciones y metas presentado por el infractor, para que, dentro de un plazo fijado por la SMA, el titular enmiende sus infracciones, realice las inversiones necesarias y vuelva a cumplir con la normativa aplicable. Todo esto en el marco de las capacitaciones realizadas por la superintendencia para promover el cumplimiento.<\/p>\n","protected":false},"excerpt":{"rendered":"<p>A trav\u00e9s de la organizaci\u00f3n de una mesa de trabajo junto a otras autoridades locales para prevenir denuncias por ruidos molestos.<\/p>\n","protected":false},"author":3,"featured_media":17081,"comment_status":"open","ping_status":"open","sticky":false,"template":"","format":"standard","meta":{"footnotes":""},"categories":[94],"tags":[],"class_list":["post-17082","post","type-post","status-publish","format-standard","has-post-thumbnail","hentry","category-notas-noticias"],"_links":{"self":[{"href":"https:\/\/portal.sma.gob.cl\/index.php\/wp-json\/wp\/v2\/posts\/17082","targetHints":{"allow":["GET"]}}],"collection":[{"href":"https:\/\/portal.sma.gob.cl\/index.php\/wp-json\/wp\/v2\/posts"}],"about":[{"href":"https:\/\/portal.sma.gob.cl\/index.php\/wp-json\/wp\/v2\/types\/post"}],"author":[{"embeddable":true,"href":"https:\/\/portal.sma.gob.cl\/index.php\/wp-json\/wp\/v2\/users\/3"}],"replies":[{"embeddable":true,"href":"https:\/\/portal.sma.gob.cl\/index.php\/wp-json\/wp\/v2\/comments?post=17082"}],"version-history":[{"count":1,"href":"https:\/\/portal.sma.gob.cl\/index.php\/wp-json\/wp\/v2\/posts\/17082\/revisions"}],"predecessor-version":[{"id":17385,"href":"https:\/\/portal.sma.gob.cl\/index.php\/wp-json\/wp\/v2\/posts\/17082\/revisions\/17385"}],"wp:featuredmedia":[{"embeddable":true,"href":"https:\/\/portal.sma.gob.cl\/index.php\/wp-json\/wp\/v2\/media\/17081"}],"wp:attachment":[{"href":"https:\/\/portal.sma.gob.cl\/index.php\/wp-json\/wp\/v2\/media?parent=17082"}],"wp:term":[{"taxonomy":"category","embeddable":true,"href":"https:\/\/portal.sma.gob.cl\/index.php\/wp-json\/wp\/v2\/categories?post=17082"},{"taxonomy":"post_tag","embeddable":true,"href":"https:\/\/portal.sma.gob.cl\/index.php\/wp-json\/wp\/v2\/tags?post=17082"}],"curies":[{"name":"wp","href":"https:\/\/api.w.org\/{rel}","templated":true}]}}