{"id":17086,"date":"2018-09-07T19:41:39","date_gmt":"2018-09-07T19:41:39","guid":{"rendered":"https:\/\/portal.sma.gob.cl\/index.php\/2018\/09\/07\/sma-a-la-espera-de-que-tribunal-ambiental-de-valdivia-autorice-paralizacion-de-empresa-ecosolucion-de-paillaco\/"},"modified":"2018-12-19T21:15:43","modified_gmt":"2018-12-19T21:15:43","slug":"sma-a-la-espera-de-que-tribunal-ambiental-de-valdivia-autorice-paralizacion-de-empresa-ecosolucion-de-paillaco","status":"publish","type":"post","link":"https:\/\/portal.sma.gob.cl\/index.php\/sma-a-la-espera-de-que-tribunal-ambiental-de-valdivia-autorice-paralizacion-de-empresa-ecosolucion-de-paillaco\/","title":{"rendered":"SMA a la espera de que Tribunal Ambiental de Valdivia autorice paralizaci\u00f3n de empresa ECOSOLUCION de Paillaco"},"content":{"rendered":"<p style=\"text-align: justify;\">\u00a0<strong style=\"font-size: 12.16px;\">Con esta solicitud la Superintendencia del Medio Ambiente busca la detenci\u00f3n de funcionamiento del Centro de Gesti\u00f3n de Residuos biol\u00f3gicos y desechos derivados de recintos Cl\u00ednicos y Hospitalarios de la empresa<\/strong><\/p>\n<p><!--more--><\/p>\n<p style=\"text-align: justify;\"><strong>Santiago, 07 de septiembre de 2018.<\/strong> La Superintendencia del Medio Ambiente, con fecha 07 de septiembre de 2018, ingres\u00f3 al Ilustre Tercer Tribunal Ambiental de Valdivia, una solicitud para que se autorice la detenci\u00f3n de funcionamiento del Centro de Gesti\u00f3n de Residuos biol\u00f3gicos y desechos derivados de recintos Cl\u00ednicos y Hospitalarios, de Soluciones Ecol\u00f3gicas y Medio Ambientales S.A, (ECOSOLUCION), ubicado en la comuna de Paillaco, Regi\u00f3n de Los R\u00edos.<\/p>\n<p style=\"text-align: justify;\">De autorizarse la medida, el titular no podr\u00e1 recepcionar residuos en el recinto de ninguna naturaleza, mientras dure la misma, lo que debe quedar reflejado en la bit\u00e1cora o registro de ingreso diario de residuos de la empresa.<\/p>\n<p style=\"text-align: justify;\">Lo anterior atendido que, luego de que se recibieran nuevas denuncias, y que la SMA realizara una actividad de inspecci\u00f3n ambiental, se lleg\u00f3 a la conclusi\u00f3n de que existe un riesgo ambiental asociado al incorrecto manejo de residuos seg\u00fan la normativa y autorizaci\u00f3n ambiental vigente, as\u00ed como un riesgo referido al desconocimiento de la concentraci\u00f3n efectiva de emisiones asociadas al proceso de incineraci\u00f3n de residuos patol\u00f3gicos, por no monitorear los gases provenientes de la chimenea de acuerdo al D.S. N\u00b0 29\/2013.<\/p>\n<p style=\"text-align: justify;\">Actualmente, la se\u00f1alada solicitud de paralizaci\u00f3n -elevada por la SMA- qued\u00f3 en manos del Ilustre Tercer Tribunal Ambiental de Valdivia, quien deber\u00e1 decidir si autoriza o no la misma.<\/p>\n<p style=\"text-align: justify;\">Asimismo, la SMA, con fecha 9 de marzo de 2017, instruy\u00f3 un procedimiento sancionatorio en contra de la empresa, imput\u00e1ndole una serie de cargos referidos tambi\u00e9n a la gesti\u00f3n del Centro. M\u00e1s informaci\u00f3n del caso en el Sistema Nacional de Informaci\u00f3n de Fiscalizaci\u00f3n Ambiental (SNIFA): <a href=\"http:\/\/snifa.sma.gob.cl\/v2\/Sancionatorio\/Ficha\/1513\">http:\/\/snifa.sma.gob.cl\/v2\/Sancionatorio\/Ficha\/1513<\/a><\/p>\n","protected":false},"excerpt":{"rendered":"<p>\u00a0Con esta solicitud la Superintendencia del Medio Ambiente busca la detenci\u00f3n de funcionamiento del Centro de Gesti\u00f3n de Residuos biol\u00f3gicos y desechos derivados de recintos Cl\u00ednicos y Hospitalarios de la empresa<\/p>\n","protected":false},"author":3,"featured_media":17085,"comment_status":"open","ping_status":"open","sticky":false,"template":"","format":"standard","meta":{"footnotes":""},"categories":[90],"tags":[],"class_list":["post-17086","post","type-post","status-publish","format-standard","has-post-thumbnail","hentry","category-comunicados-noticias"],"_links":{"self":[{"href":"https:\/\/portal.sma.gob.cl\/index.php\/wp-json\/wp\/v2\/posts\/17086","targetHints":{"allow":["GET"]}}],"collection":[{"href":"https:\/\/portal.sma.gob.cl\/index.php\/wp-json\/wp\/v2\/posts"}],"about":[{"href":"https:\/\/portal.sma.gob.cl\/index.php\/wp-json\/wp\/v2\/types\/post"}],"author":[{"embeddable":true,"href":"https:\/\/portal.sma.gob.cl\/index.php\/wp-json\/wp\/v2\/users\/3"}],"replies":[{"embeddable":true,"href":"https:\/\/portal.sma.gob.cl\/index.php\/wp-json\/wp\/v2\/comments?post=17086"}],"version-history":[{"count":1,"href":"https:\/\/portal.sma.gob.cl\/index.php\/wp-json\/wp\/v2\/posts\/17086\/revisions"}],"predecessor-version":[{"id":17383,"href":"https:\/\/portal.sma.gob.cl\/index.php\/wp-json\/wp\/v2\/posts\/17086\/revisions\/17383"}],"wp:featuredmedia":[{"embeddable":true,"href":"https:\/\/portal.sma.gob.cl\/index.php\/wp-json\/wp\/v2\/media\/17085"}],"wp:attachment":[{"href":"https:\/\/portal.sma.gob.cl\/index.php\/wp-json\/wp\/v2\/media?parent=17086"}],"wp:term":[{"taxonomy":"category","embeddable":true,"href":"https:\/\/portal.sma.gob.cl\/index.php\/wp-json\/wp\/v2\/categories?post=17086"},{"taxonomy":"post_tag","embeddable":true,"href":"https:\/\/portal.sma.gob.cl\/index.php\/wp-json\/wp\/v2\/tags?post=17086"}],"curies":[{"name":"wp","href":"https:\/\/api.w.org\/{rel}","templated":true}]}}