{"id":17094,"date":"2018-09-12T14:46:53","date_gmt":"2018-09-12T14:46:53","guid":{"rendered":"https:\/\/portal.sma.gob.cl\/index.php\/2018\/09\/12\/sma-requiere-informacion-a-i-municipalidad-de-quintero-sobre-incendio-ocurrido-en-su-vertedero\/"},"modified":"2018-12-19T21:13:09","modified_gmt":"2018-12-19T21:13:09","slug":"sma-requiere-informacion-a-i-municipalidad-de-quintero-sobre-incendio-ocurrido-en-su-vertedero","status":"publish","type":"post","link":"https:\/\/portal.sma.gob.cl\/index.php\/sma-requiere-informacion-a-i-municipalidad-de-quintero-sobre-incendio-ocurrido-en-su-vertedero\/","title":{"rendered":"SMA requiere informaci\u00f3n a I. Municipalidad de Quintero sobre incendio ocurrido en su vertedero"},"content":{"rendered":"<p style=\"text-align: justify;\">\n<p style=\"text-align: justify;\"><strong>Entre los d\u00edas 27 y 28 de agosto y que requiri\u00f3 de maquinaria pesada para controlar los focos visibles desde donde sal\u00edan llamas y humo.<\/strong><\/p>\n<p><!--more--><\/p>\n<p style=\"text-align: justify;\"><strong>Santiago, 10 de septiembre de 2018.<\/strong> En el contexto de la emergencia ambiental ocurrida el d\u00eda 4 de septiembre en Quintero, Regi\u00f3n de Valpara\u00edso, la Superintendencia del Medio Ambiente (SMA) solicit\u00f3 informaci\u00f3n a la Ilustre Municipalidad de Quintero en relaci\u00f3n a un incendio ocurrido el d\u00eda 27 de agosto al interior del vertedero municipal.<\/p>\n<p style=\"text-align: justify;\">La SMA requiri\u00f3 al municipio de Quintero los siguientes antecedentes:<br \/>\n\u2022 Descripci\u00f3n del incendio,<br \/>\n\u2022 Medidas de control aplicadas y<br \/>\n\u2022 Plan de Trabajo dirigido a controlar de manera efectiva los futuros focos de combusti\u00f3n en dicho vertedero y la incorporaci\u00f3n de inspecciones peri\u00f3dicas y acciones concretas.<\/p>\n<p style=\"text-align: justify;\">Con esta fecha la SMA recibi\u00f3 la respuesta que hizo llegar la Ilustre Municipalidad de Quintero y en ella inform\u00f3 que efectivamente ocurri\u00f3 un incendio los d\u00edas 27 y 28 de agosto en el vertedero municipal de esa comuna, lo que oblig\u00f3 al municipio a requerir de maquinaria pesada para controlar los focos visibles desde donde sal\u00edan llamas y humo.<\/p>\n<p style=\"text-align: justify;\">Detalla tambi\u00e9n, que durante los d\u00edas siguientes se mantuvo realizando acciones con el objeto de llegar al fondo de todos los puntos que provocaron el incendio y sofocarlos de ra\u00edz. Tales acciones obligaron a mantener maquinaria adicional en el vertedero hasta el d\u00eda 4 de septiembre.<\/p>\n<p style=\"text-align: justify;\">Informa asimismo que personal de la Seremi de Salud de la V Regi\u00f3n se hizo presente el d\u00eda 28 de agosto.<br \/>\nPor \u00faltimo, se\u00f1ala que se realizaron intervenciones en el talud afectado y que se ha continuado aplicando cobertura con tierra limpia para que no vuelvan a brotar focos de incendio y no se produzcan nuevas combustiones internas.<\/p>\n<p style=\"text-align: justify;\">Es necesario se\u00f1alar que esta SMA carece de competencia para continuar investigando esta situaci\u00f3n dado que el vertedero en cuesti\u00f3n no posee instrumentos de gesti\u00f3n ambiental de competencia de la SMA. Por lo anterior, todos los antecedentes han sido derivados a la Seremi de Salud de la Regi\u00f3n de Valpara\u00edso, para que proceda con la investigaci\u00f3n y decisiones que correspondan, atendido que de acuerdo a la ley es dicho organismo el competente para actuar en esta materia.<\/p>\n","protected":false},"excerpt":{"rendered":"<p>Entre los d\u00edas 27 y 28 de agosto y que requiri\u00f3 de maquinaria pesada para controlar los focos visibles desde donde sal\u00edan llamas y humo.<\/p>\n","protected":false},"author":3,"featured_media":17093,"comment_status":"open","ping_status":"open","sticky":false,"template":"","format":"standard","meta":{"footnotes":""},"categories":[90],"tags":[],"class_list":["post-17094","post","type-post","status-publish","format-standard","has-post-thumbnail","hentry","category-comunicados-noticias"],"_links":{"self":[{"href":"https:\/\/portal.sma.gob.cl\/index.php\/wp-json\/wp\/v2\/posts\/17094","targetHints":{"allow":["GET"]}}],"collection":[{"href":"https:\/\/portal.sma.gob.cl\/index.php\/wp-json\/wp\/v2\/posts"}],"about":[{"href":"https:\/\/portal.sma.gob.cl\/index.php\/wp-json\/wp\/v2\/types\/post"}],"author":[{"embeddable":true,"href":"https:\/\/portal.sma.gob.cl\/index.php\/wp-json\/wp\/v2\/users\/3"}],"replies":[{"embeddable":true,"href":"https:\/\/portal.sma.gob.cl\/index.php\/wp-json\/wp\/v2\/comments?post=17094"}],"version-history":[{"count":1,"href":"https:\/\/portal.sma.gob.cl\/index.php\/wp-json\/wp\/v2\/posts\/17094\/revisions"}],"predecessor-version":[{"id":17378,"href":"https:\/\/portal.sma.gob.cl\/index.php\/wp-json\/wp\/v2\/posts\/17094\/revisions\/17378"}],"wp:featuredmedia":[{"embeddable":true,"href":"https:\/\/portal.sma.gob.cl\/index.php\/wp-json\/wp\/v2\/media\/17093"}],"wp:attachment":[{"href":"https:\/\/portal.sma.gob.cl\/index.php\/wp-json\/wp\/v2\/media?parent=17094"}],"wp:term":[{"taxonomy":"category","embeddable":true,"href":"https:\/\/portal.sma.gob.cl\/index.php\/wp-json\/wp\/v2\/categories?post=17094"},{"taxonomy":"post_tag","embeddable":true,"href":"https:\/\/portal.sma.gob.cl\/index.php\/wp-json\/wp\/v2\/tags?post=17094"}],"curies":[{"name":"wp","href":"https:\/\/api.w.org\/{rel}","templated":true}]}}