{"id":17096,"date":"2018-09-13T22:00:44","date_gmt":"2018-09-13T22:00:44","guid":{"rendered":"https:\/\/portal.sma.gob.cl\/index.php\/2018\/09\/13\/sma-ordena-medidas-provisionales-a-empresa-ecosolucion-de-paillaco\/"},"modified":"2018-12-19T21:12:24","modified_gmt":"2018-12-19T21:12:24","slug":"sma-ordena-medidas-provisionales-a-empresa-ecosolucion-de-paillaco","status":"publish","type":"post","link":"https:\/\/portal.sma.gob.cl\/index.php\/sma-ordena-medidas-provisionales-a-empresa-ecosolucion-de-paillaco\/","title":{"rendered":"SMA ordena la paralizaci\u00f3n de empresa Ecosoluci\u00f3n de Paillaco"},"content":{"rendered":"<p style=\"text-align: justify;\">\n<p style=\"text-align: justify;\"><strong>Luego de la autorizaci\u00f3n del Tercer Tribunal Ambiental de Valdivia, la Superintendencia del Medio Ambiente notific\u00f3 la detenci\u00f3n del funcionamiento del Centro de Gesti\u00f3n de Residuos biol\u00f3gicos y desechos derivados de recintos Cl\u00ednicos y Hospitalarios de la empresa.<\/strong><\/p>\n<p><!--more--><\/p>\n<p style=\"text-align: justify;\"><strong>Valdivia, 13 de septiembre de 2018.<\/strong> La Superintendencia del Medio Ambiente orden\u00f3 Medidas Provisionales al Centro de Gesti\u00f3n de Residuos biol\u00f3gicos y desechos derivados de recintos Cl\u00ednicos y Hospitalarios, de Soluciones Ecol\u00f3gicas y Medio Ambientales S.A. (ECOSOLUCION), ubicado en la comuna de Paillaco, Regi\u00f3n de Los R\u00edos. Estas medidas tienen por principal objeto la detenci\u00f3n de funcionamiento de toda la instalaci\u00f3n de dicho proyecto, incluido los dos incineradores.<\/p>\n<p style=\"text-align: justify;\">Lo anterior, luego de que se recibieran nuevas denuncias y que la Oficina Regional de Los R\u00edos realizara una actividad de inspecci\u00f3n ambiental, concluyendo que existe un riesgo ambiental asociado al incorrecto manejo de residuos seg\u00fan la normativa y autorizaci\u00f3n ambiental vigente, as\u00ed como un riesgo referido al desconocimiento de la concentraci\u00f3n efectiva de emisiones asociadas al proceso de incineraci\u00f3n de residuos patol\u00f3gicos, por no monitorear los gases provenientes de la chimenea de acuerdo al D.S. N\u00b0 29\/2013.<\/p>\n<p style=\"text-align: justify;\">Respecto a la medida de detenci\u00f3n de funcionamiento, el titular deber\u00e1 hacer llegar a la SMA los medios de verificaci\u00f3n consistentes en los siguientes antecedentes:<br \/>\n\u2022 Copias de bit\u00e1cora y\/o registro de ingreso diario de residuos de la empresa.<br \/>\n\u2022 Fotograf\u00edas con respecto al estado de detenci\u00f3n de la faena, en particular, de los incineradores.<br \/>\nEsta medida tendr\u00e1 una duraci\u00f3n de 15 d\u00edas h\u00e1biles, a partir de la fecha de notificaci\u00f3n.<\/p>\n<p style=\"text-align: justify;\">Adicionalmente, la SMA orden\u00f3 tambi\u00e9n las siguientes Medidas Provisionales de resguardo y control para los residuos hospitalarios recepcionados y acumulados en el lugar:<br \/>\n\u2022 Limpieza y retiro de todos aquellos residuos que no sean de car\u00e1cter hospitalario.<br \/>\n\u2022 Disponer de todo el material incinerado existente y acumulado en el recinto.<br \/>\n\u2022 Vaciar y limpiar la fosa de acumulaci\u00f3n de aguas de lavado de piso y contenedores, adem\u00e1s de implementar un adecuado sistema de separaci\u00f3n de los residuos s\u00f3lidos.<\/p>\n<p>Con respecto a estas \u00faltimas medidas, la empresa deber\u00e1 hacer llegar a la SMA:<br \/>\n\u2022 Copias certificadas de las facturas y\/o cualquier tipo de t\u00edtulo que acredite el pago por el traslado de residuos y limpieza de la fosa de acumulaci\u00f3n de aguas.<br \/>\n\u2022 Fotograf\u00edas acerca de la realizaci\u00f3n de las acciones requeridas.<\/p>\n<p>M\u00e1s informaci\u00f3n del caso en el Sistema Nacional de Informaci\u00f3n de Fiscalizaci\u00f3n Ambiental (SNIFA):\u00a0<a href=\"http:\/\/snifa.sma.gob.cl\/v2\/MedidaProvisional\/Ficha\/118\">http:\/\/snifa.sma.gob.cl\/v2\/MedidaProvisional\/Ficha\/118<\/a><\/p>\n","protected":false},"excerpt":{"rendered":"<p>Luego de la autorizaci\u00f3n del Tercer Tribunal Ambiental de Valdivia, la Superintendencia del Medio Ambiente notific\u00f3 la detenci\u00f3n del funcionamiento del Centro de Gesti\u00f3n de Residuos biol\u00f3gicos y desechos derivados de recintos Cl\u00ednicos y Hospitalarios de la empresa.<\/p>\n","protected":false},"author":3,"featured_media":17095,"comment_status":"open","ping_status":"open","sticky":false,"template":"","format":"standard","meta":{"footnotes":""},"categories":[90],"tags":[],"class_list":["post-17096","post","type-post","status-publish","format-standard","has-post-thumbnail","hentry","category-comunicados-noticias"],"_links":{"self":[{"href":"https:\/\/portal.sma.gob.cl\/index.php\/wp-json\/wp\/v2\/posts\/17096","targetHints":{"allow":["GET"]}}],"collection":[{"href":"https:\/\/portal.sma.gob.cl\/index.php\/wp-json\/wp\/v2\/posts"}],"about":[{"href":"https:\/\/portal.sma.gob.cl\/index.php\/wp-json\/wp\/v2\/types\/post"}],"author":[{"embeddable":true,"href":"https:\/\/portal.sma.gob.cl\/index.php\/wp-json\/wp\/v2\/users\/3"}],"replies":[{"embeddable":true,"href":"https:\/\/portal.sma.gob.cl\/index.php\/wp-json\/wp\/v2\/comments?post=17096"}],"version-history":[{"count":1,"href":"https:\/\/portal.sma.gob.cl\/index.php\/wp-json\/wp\/v2\/posts\/17096\/revisions"}],"predecessor-version":[{"id":17376,"href":"https:\/\/portal.sma.gob.cl\/index.php\/wp-json\/wp\/v2\/posts\/17096\/revisions\/17376"}],"wp:featuredmedia":[{"embeddable":true,"href":"https:\/\/portal.sma.gob.cl\/index.php\/wp-json\/wp\/v2\/media\/17095"}],"wp:attachment":[{"href":"https:\/\/portal.sma.gob.cl\/index.php\/wp-json\/wp\/v2\/media?parent=17096"}],"wp:term":[{"taxonomy":"category","embeddable":true,"href":"https:\/\/portal.sma.gob.cl\/index.php\/wp-json\/wp\/v2\/categories?post=17096"},{"taxonomy":"post_tag","embeddable":true,"href":"https:\/\/portal.sma.gob.cl\/index.php\/wp-json\/wp\/v2\/tags?post=17096"}],"curies":[{"name":"wp","href":"https:\/\/api.w.org\/{rel}","templated":true}]}}