{"id":17098,"date":"2018-09-20T11:49:50","date_gmt":"2018-09-20T11:49:50","guid":{"rendered":"https:\/\/portal.sma.gob.cl\/index.php\/2018\/09\/20\/sma-ordena-medidas-provisionales-al-vertedero-de-castro\/"},"modified":"2018-12-19T21:11:03","modified_gmt":"2018-12-19T21:11:03","slug":"sma-ordena-medidas-provisionales-al-vertedero-de-castro","status":"publish","type":"post","link":"https:\/\/portal.sma.gob.cl\/index.php\/sma-ordena-medidas-provisionales-al-vertedero-de-castro\/","title":{"rendered":"SMA ordena Medidas Provisionales al Vertedero de Castro"},"content":{"rendered":"<p style=\"text-align: justify;\">\n<p style=\"text-align: justify;\"><strong>Vertedero que deber\u00eda estar ejecutando un Plan de Cierre y Sellado, a\u00fan sigue en plena fase de operaci\u00f3n, e incluso se constataron afloramientos de lixiviados, lo que provocar\u00eda un inminente da\u00f1o a la salud de la poblaci\u00f3n y al medio ambiente.<\/strong><\/p>\n<p><!--more--><\/p>\n<p style=\"text-align: justify;\"><strong>Castro, 14 de septiembre de 2018<\/strong>. La Superintendencia del Medio Ambiente (SMA) impuso Medidas Provisionales a la Ilustre Municipalidad de Castro, luego que el Vertedero Municipal que cuenta con una Resoluci\u00f3n de Calificaci\u00f3n Ambiental (RCA) N\u00b0453\/2009 y que debiese estar en una etapa de Plan de Cierre y Sellado, a\u00fan se encuentra en funcionamiento e inclusive presenta afloramiento y escurrimiento de lixiviados, lo que podr\u00eda provocar un riesgo inminente a la salud de la poblaci\u00f3n y al medio ambiente.<\/p>\n<p style=\"text-align: justify;\">Las medidas se basan en una fiscalizaci\u00f3n realizada por funcionarios de la Oficina Regional de la SMA de Los Lagos al vertedero municipal, quienes corroboraron el incumplimiento de las obras comprometidas en la RCA con respecto al proceso de cierre, as\u00ed como no haber realizado los monitoreos de calidad de las aguas superficiales y subterr\u00e1neas, de calidad de los l\u00edquidos lixiviados y del biog\u00e1s.<\/p>\n<p style=\"text-align: justify;\">Tras las inspecciones realizadas, se dictaminaron las siguientes medidas:<br \/>\n1. Revisar, contener y controlar todas las descargas de los l\u00edquidos lixiviados (crudos o mezclados con aguas lluvias).<br \/>\n2. Retirar los l\u00edquidos lixiviados mezclados con aguas lluvias que se encuentran en la laguna del sitio municipal de extracci\u00f3n de \u00e1ridos el cual se encuentra colindante al deslinde del lado Oeste del vertedero.<br \/>\n3. Presentar en un plazo de 12 d\u00edas h\u00e1biles contados desde la notificaci\u00f3n de la presente resoluci\u00f3n, una propuesta de Programa de Monitoreo, que comprometa la ejecuci\u00f3n de un plan de mediciones de la calidad de las aguas subterr\u00e1neas.<br \/>\n4. Efectuar la limpieza del entorno del vertedero, limpieza y despeje de canales de aguas lluvias, y limpieza de los residuos que se encuentran al interior de las chimeneas para el venteo.<br \/>\n5. Dar cumplimiento al Considerando N\u00b03 de la RCA Etapa de Saneamiento, correspondiente al cerco perimetral.<br \/>\n6. Efectuar el manejo de los residuos y el confinamiento de estos, aplicando la cobertura diaria en todo el frente de trabajo.<br \/>\n7. Elaborar un informe detallado y consolidado respecto de cada una de las medidas establecidas en esta resoluci\u00f3n, el cual deber\u00e1 ser ingresado a las oficinas de la Superintendencia de la Regi\u00f3n de Los Lagos, dentro de un plazo de 14 d\u00edas h\u00e1biles, contados desde la notificaci\u00f3n de la presente resoluci\u00f3n.<\/p>\n","protected":false},"excerpt":{"rendered":"<p>Vertedero que deber\u00eda estar ejecutando un Plan de Cierre y Sellado, a\u00fan sigue en plena fase de operaci\u00f3n, e incluso se constataron afloramientos de lixiviados, lo que provocar\u00eda un inminente da\u00f1o a la salud de la poblaci\u00f3n y al medio ambiente.<\/p>\n","protected":false},"author":3,"featured_media":17097,"comment_status":"open","ping_status":"open","sticky":false,"template":"","format":"standard","meta":{"footnotes":""},"categories":[90],"tags":[],"class_list":["post-17098","post","type-post","status-publish","format-standard","has-post-thumbnail","hentry","category-comunicados-noticias"],"_links":{"self":[{"href":"https:\/\/portal.sma.gob.cl\/index.php\/wp-json\/wp\/v2\/posts\/17098","targetHints":{"allow":["GET"]}}],"collection":[{"href":"https:\/\/portal.sma.gob.cl\/index.php\/wp-json\/wp\/v2\/posts"}],"about":[{"href":"https:\/\/portal.sma.gob.cl\/index.php\/wp-json\/wp\/v2\/types\/post"}],"author":[{"embeddable":true,"href":"https:\/\/portal.sma.gob.cl\/index.php\/wp-json\/wp\/v2\/users\/3"}],"replies":[{"embeddable":true,"href":"https:\/\/portal.sma.gob.cl\/index.php\/wp-json\/wp\/v2\/comments?post=17098"}],"version-history":[{"count":1,"href":"https:\/\/portal.sma.gob.cl\/index.php\/wp-json\/wp\/v2\/posts\/17098\/revisions"}],"predecessor-version":[{"id":17375,"href":"https:\/\/portal.sma.gob.cl\/index.php\/wp-json\/wp\/v2\/posts\/17098\/revisions\/17375"}],"wp:featuredmedia":[{"embeddable":true,"href":"https:\/\/portal.sma.gob.cl\/index.php\/wp-json\/wp\/v2\/media\/17097"}],"wp:attachment":[{"href":"https:\/\/portal.sma.gob.cl\/index.php\/wp-json\/wp\/v2\/media?parent=17098"}],"wp:term":[{"taxonomy":"category","embeddable":true,"href":"https:\/\/portal.sma.gob.cl\/index.php\/wp-json\/wp\/v2\/categories?post=17098"},{"taxonomy":"post_tag","embeddable":true,"href":"https:\/\/portal.sma.gob.cl\/index.php\/wp-json\/wp\/v2\/tags?post=17098"}],"curies":[{"name":"wp","href":"https:\/\/api.w.org\/{rel}","templated":true}]}}