{"id":17105,"date":"2018-09-25T21:17:59","date_gmt":"2018-09-25T21:17:59","guid":{"rendered":"https:\/\/portal.sma.gob.cl\/index.php\/2018\/09\/25\/sma-inaugura-seminario-internacional-sobre-la-promocion-del-cumplimiento-ambiental\/"},"modified":"2018-12-19T21:07:55","modified_gmt":"2018-12-19T21:07:55","slug":"sma-inaugura-seminario-internacional-sobre-la-promocion-del-cumplimiento-ambiental","status":"publish","type":"post","link":"https:\/\/portal.sma.gob.cl\/index.php\/sma-inaugura-seminario-internacional-sobre-la-promocion-del-cumplimiento-ambiental\/","title":{"rendered":"SMA inaugura Seminario Internacional sobre la Promoci\u00f3n del Cumplimiento Ambiental"},"content":{"rendered":"<p style=\"text-align: justify;\">\n<p style=\"text-align: justify;\"><strong>La actividad contar\u00e1 con la participaci\u00f3n y experiencia de profesionales de la Agencia de Protecci\u00f3n Ambiental de los Estados Unidos (US EPA), quienes estar\u00e1n dictando charlas sobre Programas y Modelos de fiscalizaci\u00f3n y sanciones ambientales.<\/strong><\/p>\n<p><!--more--><\/p>\n<p style=\"text-align: justify;\"><strong>Santiago, 25 de septiembre de 2018.<\/strong> La Superintendencia del Medio Ambiente (SMA) present\u00f3 esta ma\u00f1ana el Seminario \u201cPromoci\u00f3n del Cumplimiento Ambiental, una mirada desde la fiscalizaci\u00f3n a la Sanci\u00f3n\u201d, que busca crear una instancia para que funcionarios de la Red Nacional de Fiscalizaci\u00f3n Ambiental (RENFA), la Red Latinoamericana de Fiscalizaci\u00f3n y Cumplimiento Ambiental (REDLAFICA) y de otros pa\u00edses latinoamericanos, compartan sus experiencias, desarrollos, metodolog\u00edas y resultados obtenidos en los \u00faltimos a\u00f1os en materia de fiscalizaci\u00f3n y sanciones.<\/p>\n<p style=\"text-align: justify;\">La actividad fue inaugurada por el Superintendente del Medio Ambiente, Cristi\u00e1n Franz, quien agradeci\u00f3 la presencia de todos los asistentes, en particular, la participaci\u00f3n de los profesionales de US EPA y el trabajo en conjunto que ambas entidades han desarrollado por m\u00e1s de 7 a\u00f1os. En este \u00faltimo punto, la autoridad enfatiz\u00f3 que el modelo sancionatorio y los instrumentos de fiscalizaci\u00f3n de la SMA han dialogado con aquellos de la entidad americana (y tambi\u00e9n de otras entidades mundiales).<\/p>\n<p style=\"text-align: justify;\">Por \u00faltimo, el Superintendente hizo un llamado a la promoci\u00f3n del cumplimiento ambiental por parte de todos los actores involucrados, enfatizando que los titulares deben tener tambi\u00e9n un rol muy importante en la soluci\u00f3n de los problemas ambientales.<\/p>\n<p style=\"text-align: justify;\">El Seminario se desarrollar\u00e1 hasta el d\u00eda 27 de septiembre en el Hotel Galer\u00edas, y contar\u00e1 con la presentaci\u00f3n de casos de estudios y de ejercicios pr\u00e1cticos para los asistentes con el prop\u00f3sito de identificar brechas, oportunidades de mejora y desaf\u00edos en materia de fiscalizaci\u00f3n y sanci\u00f3n ambiental.<\/p>\n","protected":false},"excerpt":{"rendered":"<p>La actividad contar\u00e1 con la participaci\u00f3n y experiencia de profesionales de la Agencia de Protecci\u00f3n Ambiental de los Estados Unidos (US EPA), quienes estar\u00e1n dictando charlas sobre Programas y Modelos de fiscalizaci\u00f3n y sanciones ambientales.<\/p>\n","protected":false},"author":3,"featured_media":17104,"comment_status":"open","ping_status":"open","sticky":false,"template":"","format":"standard","meta":{"footnotes":""},"categories":[94],"tags":[],"class_list":["post-17105","post","type-post","status-publish","format-standard","has-post-thumbnail","hentry","category-notas-noticias"],"_links":{"self":[{"href":"https:\/\/portal.sma.gob.cl\/index.php\/wp-json\/wp\/v2\/posts\/17105","targetHints":{"allow":["GET"]}}],"collection":[{"href":"https:\/\/portal.sma.gob.cl\/index.php\/wp-json\/wp\/v2\/posts"}],"about":[{"href":"https:\/\/portal.sma.gob.cl\/index.php\/wp-json\/wp\/v2\/types\/post"}],"author":[{"embeddable":true,"href":"https:\/\/portal.sma.gob.cl\/index.php\/wp-json\/wp\/v2\/users\/3"}],"replies":[{"embeddable":true,"href":"https:\/\/portal.sma.gob.cl\/index.php\/wp-json\/wp\/v2\/comments?post=17105"}],"version-history":[{"count":1,"href":"https:\/\/portal.sma.gob.cl\/index.php\/wp-json\/wp\/v2\/posts\/17105\/revisions"}],"predecessor-version":[{"id":17369,"href":"https:\/\/portal.sma.gob.cl\/index.php\/wp-json\/wp\/v2\/posts\/17105\/revisions\/17369"}],"wp:featuredmedia":[{"embeddable":true,"href":"https:\/\/portal.sma.gob.cl\/index.php\/wp-json\/wp\/v2\/media\/17104"}],"wp:attachment":[{"href":"https:\/\/portal.sma.gob.cl\/index.php\/wp-json\/wp\/v2\/media?parent=17105"}],"wp:term":[{"taxonomy":"category","embeddable":true,"href":"https:\/\/portal.sma.gob.cl\/index.php\/wp-json\/wp\/v2\/categories?post=17105"},{"taxonomy":"post_tag","embeddable":true,"href":"https:\/\/portal.sma.gob.cl\/index.php\/wp-json\/wp\/v2\/tags?post=17105"}],"curies":[{"name":"wp","href":"https:\/\/api.w.org\/{rel}","templated":true}]}}