{"id":17107,"date":"2018-09-27T13:42:13","date_gmt":"2018-09-27T13:42:13","guid":{"rendered":"https:\/\/portal.sma.gob.cl\/index.php\/2018\/09\/27\/sma-del-maule-realizo-taller-de-cumplimiento-ambiental-para-titulares-agroindustriales\/"},"modified":"2018-12-19T21:07:28","modified_gmt":"2018-12-19T21:07:28","slug":"sma-del-maule-realizo-taller-de-cumplimiento-ambiental-para-titulares-agroindustriales","status":"publish","type":"post","link":"https:\/\/portal.sma.gob.cl\/index.php\/sma-del-maule-realizo-taller-de-cumplimiento-ambiental-para-titulares-agroindustriales\/","title":{"rendered":"SMA del Maule realiz\u00f3 Taller de Cumplimiento Ambiental para titulares Agroindustriales"},"content":{"rendered":"<p>&nbsp;<\/p>\n<p><strong>La actividad estuvo enfocada en dar asistencia y promover el cumplimiento ambiental del sector agroindustrial regional.<\/strong><\/p>\n<p><!--more--><\/p>\n<p style=\"text-align: justify;\"><strong>Talca, 26 de septiembre de 2018<\/strong>. La Superintendencia del Medio Ambiente (SMA), a trav\u00e9s de la Oficina Regional del Maule realiz\u00f3 en sus dependencias el encuentro denominado \u201cTaller de Cumplimiento Ambiental para Titulares Agroindustriales de la Regi\u00f3n del Maule\u201d, en el cual participaron m\u00e1s de veinte unidades fiscalizables de las comunas de Talca, Curic\u00f3, Linares, Molina, Teno, San Clemente, Pencahue, San Javier y Romeral.<\/p>\n<p style=\"text-align: justify;\">La actividad estuvo centrada en reforzar aspectos ambientales relevantes asociados a la fiscalizaci\u00f3n del sector agroindustrial, el modelo de fiscalizaci\u00f3n y sanci\u00f3n de la SMA, adem\u00e1s de la normativa de RILes, actualmente vigente. Taller que adem\u00e1s cont\u00f3 con la presencia del Seremi del Medio Ambiente de la Regi\u00f3n del Maule, Pablo Sep\u00falveda.<\/p>\n<p style=\"text-align: justify;\">Eduardo \u00c1vila, Jefe (s) de la Oficina Regional del Maule indic\u00f3 que: \u201cLos asistentes valoraron esta capacitaci\u00f3n porque pudieron interiorizarse de nuestros procesos y competencias, y porque tambi\u00e9n les permiti\u00f3 revisar la normativa que deben cumplir. Asimismo, en el taller se abordaron los principales hallazgos que se han detectado en el sector agroindustrial en el tiempo de existencia de la SMA\u201d sostuvo.<\/p>\n","protected":false},"excerpt":{"rendered":"<p>&nbsp; La actividad estuvo enfocada en dar asistencia y promover el cumplimiento ambiental del sector agroindustrial regional.<\/p>\n","protected":false},"author":3,"featured_media":17106,"comment_status":"open","ping_status":"open","sticky":false,"template":"","format":"standard","meta":{"footnotes":""},"categories":[94],"tags":[],"class_list":["post-17107","post","type-post","status-publish","format-standard","has-post-thumbnail","hentry","category-notas-noticias"],"_links":{"self":[{"href":"https:\/\/portal.sma.gob.cl\/index.php\/wp-json\/wp\/v2\/posts\/17107","targetHints":{"allow":["GET"]}}],"collection":[{"href":"https:\/\/portal.sma.gob.cl\/index.php\/wp-json\/wp\/v2\/posts"}],"about":[{"href":"https:\/\/portal.sma.gob.cl\/index.php\/wp-json\/wp\/v2\/types\/post"}],"author":[{"embeddable":true,"href":"https:\/\/portal.sma.gob.cl\/index.php\/wp-json\/wp\/v2\/users\/3"}],"replies":[{"embeddable":true,"href":"https:\/\/portal.sma.gob.cl\/index.php\/wp-json\/wp\/v2\/comments?post=17107"}],"version-history":[{"count":1,"href":"https:\/\/portal.sma.gob.cl\/index.php\/wp-json\/wp\/v2\/posts\/17107\/revisions"}],"predecessor-version":[{"id":17368,"href":"https:\/\/portal.sma.gob.cl\/index.php\/wp-json\/wp\/v2\/posts\/17107\/revisions\/17368"}],"wp:featuredmedia":[{"embeddable":true,"href":"https:\/\/portal.sma.gob.cl\/index.php\/wp-json\/wp\/v2\/media\/17106"}],"wp:attachment":[{"href":"https:\/\/portal.sma.gob.cl\/index.php\/wp-json\/wp\/v2\/media?parent=17107"}],"wp:term":[{"taxonomy":"category","embeddable":true,"href":"https:\/\/portal.sma.gob.cl\/index.php\/wp-json\/wp\/v2\/categories?post=17107"},{"taxonomy":"post_tag","embeddable":true,"href":"https:\/\/portal.sma.gob.cl\/index.php\/wp-json\/wp\/v2\/tags?post=17107"}],"curies":[{"name":"wp","href":"https:\/\/api.w.org\/{rel}","templated":true}]}}