{"id":17113,"date":"2018-10-08T19:50:01","date_gmt":"2018-10-08T19:50:01","guid":{"rendered":"https:\/\/portal.sma.gob.cl\/index.php\/2018\/10\/08\/sma-realiza-encuentro-de-fiscalizadores-2018\/"},"modified":"2018-12-19T21:02:53","modified_gmt":"2018-12-19T21:02:53","slug":"sma-realiza-encuentro-de-fiscalizadores-2018","status":"publish","type":"post","link":"https:\/\/portal.sma.gob.cl\/index.php\/sma-realiza-encuentro-de-fiscalizadores-2018\/","title":{"rendered":"SMA realiza Encuentro de Fiscalizadores 2018"},"content":{"rendered":"<p style=\"text-align: justify;\">\n<p style=\"text-align: justify;\"><strong>Entre el 2 y el 4 de octubre los profesionales encargados de la fiscalizaci\u00f3n de la SMA analizaron los resultados logrados durante el presente a\u00f1o y planificaron la fiscalizaci\u00f3n del 2019.<\/strong><\/p>\n<p><!--more--><\/p>\n<p style=\"text-align: justify;\"><strong>Santiago, 08 de octubre de 2018.<\/strong> La Divisi\u00f3n de Fiscalizaci\u00f3n de la Superintendencia del Medio Ambiente (SMA) realiz\u00f3 el Encuentro de Fiscalizadores 2018, instancia en la que los profesionales tanto a nivel nacional como central, participan en talleres, capacitaciones y charlas especializadas. Actividad que se realiz\u00f3 durante los d\u00edas 2 al 4 de octubre en el Hotel Gran Palace en la ciudad de Santiago.<\/p>\n<p style=\"text-align: justify;\">El encuentro permite revisar los procesos que ha llevado a cabo la Superintendencia durante el a\u00f1o como por ejemplo las Inspecciones Ambientales y la elaboraci\u00f3n de Informes T\u00e9cnicos, as\u00ed como tambi\u00e9n la revisi\u00f3n de Actividades de Seguimiento y otros instrumentos que son parte de las facultades fiscalizadoras de la SMA. Adem\u00e1s, se planifica el trabajo de la Divisi\u00f3n de Fiscalizaci\u00f3n para el a\u00f1o pr\u00f3ximo a\u00f1o.<\/p>\n<p style=\"text-align: justify;\">\u201cEstas jornadas, son de gran importancia porque nos permite revisar y mejorar nuestros procedimientos de coordinaci\u00f3n y planificaci\u00f3n, as\u00ed como tambi\u00e9n reforzar los est\u00e1ndares de fiscalizaci\u00f3n. Sin duda, 2019 ser\u00e1 un a\u00f1o de grandes desaf\u00edos porque abordaremos nuestra llegada a la Regi\u00f3n del \u00d1uble, reci\u00e9n implementada, y el alcance de la Ley de Responsabilidad Extendida de Productores (REP) en nuestra gesti\u00f3n, entre otros temas\u201d, indic\u00f3 Rub\u00e9n Verdugo, Jefe de la Divisi\u00f3n de Fiscalizaci\u00f3n de la SMA.<\/p>\n<p style=\"text-align: justify;\">Al t\u00e9rmino del encuentro se conmemor\u00f3 el aniversario N\u00b08 de la Superintendencia del Medio Ambiente, instancia que cont\u00f3 con la participaci\u00f3n del Superintendente Cristi\u00e1n Franz, quien en conjunto con el Presidente de la Asociaci\u00f3n de Funcionarios de la SMA (ASUMA), Jos\u00e9 Schmeisser, premiaron a 26 colaboradores que cumplieron 5 a\u00f1os trabajando en la entidad.<\/p>\n","protected":false},"excerpt":{"rendered":"<p>Entre el 2 y el 4 de octubre los profesionales encargados de la fiscalizaci\u00f3n de la SMA analizaron los resultados logrados durante el presente a\u00f1o y planificaron la fiscalizaci\u00f3n del 2019.<\/p>\n","protected":false},"author":3,"featured_media":17112,"comment_status":"open","ping_status":"open","sticky":false,"template":"","format":"standard","meta":{"footnotes":""},"categories":[94],"tags":[],"class_list":["post-17113","post","type-post","status-publish","format-standard","has-post-thumbnail","hentry","category-notas-noticias"],"_links":{"self":[{"href":"https:\/\/portal.sma.gob.cl\/index.php\/wp-json\/wp\/v2\/posts\/17113","targetHints":{"allow":["GET"]}}],"collection":[{"href":"https:\/\/portal.sma.gob.cl\/index.php\/wp-json\/wp\/v2\/posts"}],"about":[{"href":"https:\/\/portal.sma.gob.cl\/index.php\/wp-json\/wp\/v2\/types\/post"}],"author":[{"embeddable":true,"href":"https:\/\/portal.sma.gob.cl\/index.php\/wp-json\/wp\/v2\/users\/3"}],"replies":[{"embeddable":true,"href":"https:\/\/portal.sma.gob.cl\/index.php\/wp-json\/wp\/v2\/comments?post=17113"}],"version-history":[{"count":1,"href":"https:\/\/portal.sma.gob.cl\/index.php\/wp-json\/wp\/v2\/posts\/17113\/revisions"}],"predecessor-version":[{"id":17364,"href":"https:\/\/portal.sma.gob.cl\/index.php\/wp-json\/wp\/v2\/posts\/17113\/revisions\/17364"}],"wp:featuredmedia":[{"embeddable":true,"href":"https:\/\/portal.sma.gob.cl\/index.php\/wp-json\/wp\/v2\/media\/17112"}],"wp:attachment":[{"href":"https:\/\/portal.sma.gob.cl\/index.php\/wp-json\/wp\/v2\/media?parent=17113"}],"wp:term":[{"taxonomy":"category","embeddable":true,"href":"https:\/\/portal.sma.gob.cl\/index.php\/wp-json\/wp\/v2\/categories?post=17113"},{"taxonomy":"post_tag","embeddable":true,"href":"https:\/\/portal.sma.gob.cl\/index.php\/wp-json\/wp\/v2\/tags?post=17113"}],"curies":[{"name":"wp","href":"https:\/\/api.w.org\/{rel}","templated":true}]}}