{"id":17131,"date":"2018-10-29T13:35:50","date_gmt":"2018-10-29T13:35:50","guid":{"rendered":"https:\/\/portal.sma.gob.cl\/index.php\/2018\/10\/29\/declaracion-publica\/"},"modified":"2018-12-19T20:57:36","modified_gmt":"2018-12-19T20:57:36","slug":"declaracion-publica","status":"publish","type":"post","link":"https:\/\/portal.sma.gob.cl\/index.php\/declaracion-publica\/","title":{"rendered":"Declaraci\u00f3n P\u00fablica"},"content":{"rendered":"<p style=\"text-align: justify;\">\n<p style=\"text-align: justify;\"><strong>Santiago, 29 de octubre de 2018.<\/strong> El Superintendente del Medio Ambiente, Sr. Cristi\u00e1n Franz, dejar\u00e1 su actual cargo a contar del d\u00eda 1 de noviembre pr\u00f3ximo.<\/p>\n<p><!--more--><\/p>\n<p style=\"text-align: justify;\">El Gobierno desea agradecer al Sr. Franz el haber permanecido en su cargo hasta esta fecha, cumpliendo de esta manera el compromiso asumido por \u00e9l de acompa\u00f1ar a las nuevas autoridades durante estos meses.<\/p>\n<p style=\"text-align: justify;\">Junto con destacar el valioso trabajo del Sr. Franz al frente de la Superintendencia del Medio Ambiente durante los \u00faltimos a\u00f1os, le desea el mayor de los \u00e9xitos en sus nuevas responsabilidades.<\/p>\n<p style=\"text-align: justify;\">Rub\u00e9n Verdugo, actual Jefe de la Divisi\u00f3n de Fiscalizaci\u00f3n de la SMA, ejercer\u00e1 como Superintendente subrogante seg\u00fan lo previsto en el marco legal aplicable (art. 80\u00b0 del Estatuto Administrativo).<\/p>\n","protected":false},"excerpt":{"rendered":"<p>Santiago, 29 de octubre de 2018. El Superintendente del Medio Ambiente, Sr. Cristi\u00e1n Franz, dejar\u00e1 su actual cargo a contar del d\u00eda 1 de noviembre pr\u00f3ximo.<\/p>\n","protected":false},"author":3,"featured_media":17130,"comment_status":"open","ping_status":"open","sticky":false,"template":"","format":"standard","meta":{"footnotes":""},"categories":[94],"tags":[],"class_list":["post-17131","post","type-post","status-publish","format-standard","has-post-thumbnail","hentry","category-notas-noticias"],"_links":{"self":[{"href":"https:\/\/portal.sma.gob.cl\/index.php\/wp-json\/wp\/v2\/posts\/17131","targetHints":{"allow":["GET"]}}],"collection":[{"href":"https:\/\/portal.sma.gob.cl\/index.php\/wp-json\/wp\/v2\/posts"}],"about":[{"href":"https:\/\/portal.sma.gob.cl\/index.php\/wp-json\/wp\/v2\/types\/post"}],"author":[{"embeddable":true,"href":"https:\/\/portal.sma.gob.cl\/index.php\/wp-json\/wp\/v2\/users\/3"}],"replies":[{"embeddable":true,"href":"https:\/\/portal.sma.gob.cl\/index.php\/wp-json\/wp\/v2\/comments?post=17131"}],"version-history":[{"count":1,"href":"https:\/\/portal.sma.gob.cl\/index.php\/wp-json\/wp\/v2\/posts\/17131\/revisions"}],"predecessor-version":[{"id":17353,"href":"https:\/\/portal.sma.gob.cl\/index.php\/wp-json\/wp\/v2\/posts\/17131\/revisions\/17353"}],"wp:featuredmedia":[{"embeddable":true,"href":"https:\/\/portal.sma.gob.cl\/index.php\/wp-json\/wp\/v2\/media\/17130"}],"wp:attachment":[{"href":"https:\/\/portal.sma.gob.cl\/index.php\/wp-json\/wp\/v2\/media?parent=17131"}],"wp:term":[{"taxonomy":"category","embeddable":true,"href":"https:\/\/portal.sma.gob.cl\/index.php\/wp-json\/wp\/v2\/categories?post=17131"},{"taxonomy":"post_tag","embeddable":true,"href":"https:\/\/portal.sma.gob.cl\/index.php\/wp-json\/wp\/v2\/tags?post=17131"}],"curies":[{"name":"wp","href":"https:\/\/api.w.org\/{rel}","templated":true}]}}