{"id":17136,"date":"2018-11-05T17:49:49","date_gmt":"2018-11-05T17:49:49","guid":{"rendered":"https:\/\/portal.sma.gob.cl\/index.php\/2018\/11\/05\/sma-realizo-taller-sobre-calidad-del-aire\/"},"modified":"2018-12-19T20:56:28","modified_gmt":"2018-12-19T20:56:28","slug":"sma-realizo-taller-sobre-calidad-del-aire","status":"publish","type":"post","link":"https:\/\/portal.sma.gob.cl\/index.php\/sma-realizo-taller-sobre-calidad-del-aire\/","title":{"rendered":"SMA realiz\u00f3 Taller sobre Calidad del Aire"},"content":{"rendered":"<p style=\"text-align: justify;\">\n<p style=\"text-align: justify;\"><strong>Actividad que se llev\u00f3 a cabo en la Regi\u00f3n Metropolitana y que estuvo dirigida principalmente a titulares de estaciones de monitoreo de Calidad del Aire.<\/strong><\/p>\n<p><!--more--><\/p>\n<p style=\"text-align: justify;\"><strong>Santiago, 05 de noviembre de 2018.<\/strong> En el marco del proceso de asistencia al cumplimiento a la comunidad regulada, la Superintendencia del Medio Ambiente (SMA) desarroll\u00f3 la semana pasada en el Hotel Fundador un taller orientado a establecimientos que cuenten con estaciones de monitoreo de calidad del aire, y tambi\u00e9n al p\u00fablico general.<\/p>\n<p style=\"text-align: justify;\">La actividad cont\u00f3 con la presencia de m\u00e1s de 50 asistentes, a quienes se les present\u00f3 el modelo conceptual adoptado por esta Superintendencia para el manejo de la informaci\u00f3n asociada al seguimiento de la calidad del aire, las instrucciones que regulan los procesos de evaluaci\u00f3n de representatividad poblacional y los principales hallazgos encontrados durante la evaluaci\u00f3n de Normas de calidad de aire.<\/p>\n<p style=\"text-align: justify;\">M\u00e1s informaci\u00f3n de las presentaciones exhibidas en los siguientes documentos:<\/p>\n<p style=\"text-align: justify;\"><a class=\"doclink\" href=\"index.php?option=com_docman&amp;task=doc_download&amp;gid=723&amp;Itemid=280\"><img decoding=\"async\" class=\" size-full wp-image-15480\" src=\"https:\/\/portal.sma.gob.cl\/wp-content\/uploads\/2012\/07\/pdf.png\" alt=\"icon\" width=\"16\" height=\"16\" border=\"0\" \/>\u00a0Promoci\u00f3n del cumplimiento de la Normativa Ambiental, calidad del aire<\/a><\/p>\n<p style=\"text-align: justify;\"><a class=\"doclink\" href=\"index.php?option=com_docman&amp;task=doc_download&amp;gid=724&amp;Itemid=280\"><img decoding=\"async\" class=\" size-full wp-image-15480\" src=\"https:\/\/portal.sma.gob.cl\/wp-content\/uploads\/2012\/07\/pdf.png\" alt=\"icon\" width=\"16\" height=\"16\" border=\"0\" \/>\u00a0Modelo conceptual, Normas de calidad del aire<\/a><\/p>\n<p style=\"text-align: justify;\"><a class=\"doclink\" href=\"index.php?option=com_docman&amp;task=doc_download&amp;gid=725&amp;Itemid=280\"><img decoding=\"async\" class=\" size-full wp-image-15480\" src=\"https:\/\/portal.sma.gob.cl\/wp-content\/uploads\/2012\/07\/pdf.png\" alt=\"icon\" width=\"16\" height=\"16\" border=\"0\" \/>\u00a0Calidad del aire: evaluaci\u00f3n de estaciones de monitoreo como EMRP<\/a><\/p>\n<p style=\"text-align: justify;\"><a class=\"doclink\" href=\"index.php?option=com_docman&amp;task=doc_download&amp;gid=726&amp;Itemid=280\"><img decoding=\"async\" class=\" size-full wp-image-15480\" src=\"https:\/\/portal.sma.gob.cl\/wp-content\/uploads\/2012\/07\/pdf.png\" alt=\"icon\" width=\"16\" height=\"16\" border=\"0\" \/>\u00a0Calidad del aire: reporte de informaci\u00f3n y principales errores identificados por la SMA<\/a><\/p>\n","protected":false},"excerpt":{"rendered":"<p>Actividad que se llev\u00f3 a cabo en la Regi\u00f3n Metropolitana y que estuvo dirigida principalmente a titulares de estaciones de monitoreo de Calidad del Aire.<\/p>\n","protected":false},"author":3,"featured_media":17135,"comment_status":"open","ping_status":"open","sticky":false,"template":"","format":"standard","meta":{"footnotes":""},"categories":[94],"tags":[],"class_list":["post-17136","post","type-post","status-publish","format-standard","has-post-thumbnail","hentry","category-notas-noticias"],"_links":{"self":[{"href":"https:\/\/portal.sma.gob.cl\/index.php\/wp-json\/wp\/v2\/posts\/17136","targetHints":{"allow":["GET"]}}],"collection":[{"href":"https:\/\/portal.sma.gob.cl\/index.php\/wp-json\/wp\/v2\/posts"}],"about":[{"href":"https:\/\/portal.sma.gob.cl\/index.php\/wp-json\/wp\/v2\/types\/post"}],"author":[{"embeddable":true,"href":"https:\/\/portal.sma.gob.cl\/index.php\/wp-json\/wp\/v2\/users\/3"}],"replies":[{"embeddable":true,"href":"https:\/\/portal.sma.gob.cl\/index.php\/wp-json\/wp\/v2\/comments?post=17136"}],"version-history":[{"count":1,"href":"https:\/\/portal.sma.gob.cl\/index.php\/wp-json\/wp\/v2\/posts\/17136\/revisions"}],"predecessor-version":[{"id":17350,"href":"https:\/\/portal.sma.gob.cl\/index.php\/wp-json\/wp\/v2\/posts\/17136\/revisions\/17350"}],"wp:featuredmedia":[{"embeddable":true,"href":"https:\/\/portal.sma.gob.cl\/index.php\/wp-json\/wp\/v2\/media\/17135"}],"wp:attachment":[{"href":"https:\/\/portal.sma.gob.cl\/index.php\/wp-json\/wp\/v2\/media?parent=17136"}],"wp:term":[{"taxonomy":"category","embeddable":true,"href":"https:\/\/portal.sma.gob.cl\/index.php\/wp-json\/wp\/v2\/categories?post=17136"},{"taxonomy":"post_tag","embeddable":true,"href":"https:\/\/portal.sma.gob.cl\/index.php\/wp-json\/wp\/v2\/tags?post=17136"}],"curies":[{"name":"wp","href":"https:\/\/api.w.org\/{rel}","templated":true}]}}