{"id":17138,"date":"2018-11-05T20:23:11","date_gmt":"2018-11-05T20:23:11","guid":{"rendered":"https:\/\/portal.sma.gob.cl\/index.php\/2018\/11\/05\/sma-ordena-medidas-provisionales-en-contra-de-hidroelectrica-robleria\/"},"modified":"2018-12-19T20:56:06","modified_gmt":"2018-12-19T20:56:06","slug":"sma-ordena-medidas-provisionales-en-contra-de-hidroelectrica-robleria","status":"publish","type":"post","link":"https:\/\/portal.sma.gob.cl\/index.php\/sma-ordena-medidas-provisionales-en-contra-de-hidroelectrica-robleria\/","title":{"rendered":"SMA ordena Medidas Provisionales en contra de Hidroel\u00e9ctrica Robler\u00eda"},"content":{"rendered":"<p style=\"text-align: justify;\">\n<p style=\"text-align: justify;\"><strong>Debido a la construcci\u00f3n de obras que intervinieron quebradas y al Estero Nacimiento, las cuales no han sido evaluadas ambientalmente, sin contar con los permisos sectoriales respectivos, configur\u00e1ndose una eventual elusi\u00f3n al Sistema de Evaluaci\u00f3n de Impacto Ambiental (SEIA).<\/strong><\/p>\n<p><!--more--><\/p>\n<p style=\"text-align: justify;\"><strong>Linares, 31 de octubre de 2018<\/strong>. La Superintendencia del Medio Ambiente (SMA) orden\u00f3 una serie de Medidas Provisionales en contra de la Generadora El\u00e9ctrica Robler\u00eda Limitada Ltda, titular del proyecto \u201cCentral Hidroel\u00e9ctrica Robler\u00eda\u201d ubicado en la comuna de Linares. El proyecto consiste en una central hidroel\u00e9ctrica de pasada que tiene una capacidad de generaci\u00f3n de energ\u00eda anual de 4,0 MW de potencia. La Hidroel\u00e9ctrica Robler\u00eda es titular de la RCA N\u00b0 187\/2010 sobre las siguientes obras f\u00edsicas: captaci\u00f3n de agua del canal Robler\u00eda -s\u00f3lo entre los meses octubre y abril-, c\u00e1mara de carga, tuber\u00eda de presi\u00f3n, casa de m\u00e1quinas, turbina, generador y sala de control, canal devoluci\u00f3n aguas \u201cturbinadas\u201d al R\u00edo Putag\u00e1n, subestaci\u00f3n y conexi\u00f3n a l\u00ednea de 13,2 Volt de la empresa Luz Linares.<\/p>\n<p style=\"text-align: justify;\">Durante la construcci\u00f3n de un acueducto para entregar agua por 5 meses para la central hidroel\u00e9ctrica, la empresa report\u00f3 a esta Superintendencia un incidente ambiental, lo cual sumado a denuncias ciudadanas dio origen a actividades de inspecci\u00f3n en terreno.<\/p>\n<p style=\"text-align: justify;\">Producto de las inspecciones realizadas por funcionarios de la Oficina Regional Del Maule de la SMA en conjunto con funcionarios de CONAF, y sumado a fiscalizaciones de la DGA, se constat\u00f3 que la ejecuci\u00f3n de las obras ha significado la intervenci\u00f3n de las quebradas que confluyen al Estero Nacimiento. Y tras analizar el m\u00e9rito de los medios de prueba recabados durante las inspecciones mencionadas, se ordenaron las siguientes Medidas Provisionales:<\/p>\n<p style=\"text-align: justify;\">1. Retirar el material resultante de las actividades involucradas en la instalaci\u00f3n del acueducto y obras asociadas. Plazo de 15 d\u00edas h\u00e1biles contados desde la notificaci\u00f3n de la presente resoluci\u00f3n.<br \/>\n2. Implementar sistema de control de taludes. Plazo de 15 d\u00edas h\u00e1biles.<br \/>\n3. Realizar una revisi\u00f3n de las condiciones estructurales de las instalaciones asociadas al acueducto y bocatoma. Plazo 15 d\u00edas h\u00e1biles.<br \/>\n4. Presentar un Informe que detalle las obras asociadas en un plazo de 5 d\u00edas h\u00e1biles.<br \/>\n5. En caso que el titular obtenga un alzamiento de la paralizaci\u00f3n de las obras que fue decretada por la DGA, se deber\u00e1 informar de tal circunstancia ante la SMA.<br \/>\nEstas Medidas Provisionales tienen por objeto mitigar un da\u00f1o inminente al medio ambiente y a la salud de la poblaci\u00f3n de la zona afectada.<\/p>\n","protected":false},"excerpt":{"rendered":"<p>Debido a la construcci\u00f3n de obras que intervinieron quebradas y al Estero Nacimiento, las cuales no han sido evaluadas ambientalmente, sin contar con los permisos sectoriales respectivos, configur\u00e1ndose una eventual elusi\u00f3n al Sistema de Evaluaci\u00f3n de Impacto Ambiental (SEIA).<\/p>\n","protected":false},"author":3,"featured_media":17137,"comment_status":"open","ping_status":"open","sticky":false,"template":"","format":"standard","meta":{"footnotes":""},"categories":[90],"tags":[],"class_list":["post-17138","post","type-post","status-publish","format-standard","has-post-thumbnail","hentry","category-comunicados-noticias"],"_links":{"self":[{"href":"https:\/\/portal.sma.gob.cl\/index.php\/wp-json\/wp\/v2\/posts\/17138","targetHints":{"allow":["GET"]}}],"collection":[{"href":"https:\/\/portal.sma.gob.cl\/index.php\/wp-json\/wp\/v2\/posts"}],"about":[{"href":"https:\/\/portal.sma.gob.cl\/index.php\/wp-json\/wp\/v2\/types\/post"}],"author":[{"embeddable":true,"href":"https:\/\/portal.sma.gob.cl\/index.php\/wp-json\/wp\/v2\/users\/3"}],"replies":[{"embeddable":true,"href":"https:\/\/portal.sma.gob.cl\/index.php\/wp-json\/wp\/v2\/comments?post=17138"}],"version-history":[{"count":1,"href":"https:\/\/portal.sma.gob.cl\/index.php\/wp-json\/wp\/v2\/posts\/17138\/revisions"}],"predecessor-version":[{"id":17349,"href":"https:\/\/portal.sma.gob.cl\/index.php\/wp-json\/wp\/v2\/posts\/17138\/revisions\/17349"}],"wp:featuredmedia":[{"embeddable":true,"href":"https:\/\/portal.sma.gob.cl\/index.php\/wp-json\/wp\/v2\/media\/17137"}],"wp:attachment":[{"href":"https:\/\/portal.sma.gob.cl\/index.php\/wp-json\/wp\/v2\/media?parent=17138"}],"wp:term":[{"taxonomy":"category","embeddable":true,"href":"https:\/\/portal.sma.gob.cl\/index.php\/wp-json\/wp\/v2\/categories?post=17138"},{"taxonomy":"post_tag","embeddable":true,"href":"https:\/\/portal.sma.gob.cl\/index.php\/wp-json\/wp\/v2\/tags?post=17138"}],"curies":[{"name":"wp","href":"https:\/\/api.w.org\/{rel}","templated":true}]}}