{"id":17152,"date":"2018-11-23T13:45:13","date_gmt":"2018-11-23T13:45:13","guid":{"rendered":"https:\/\/portal.sma.gob.cl\/index.php\/2018\/11\/23\/sma-formula-cargos-a-enel-generacion-chile-s-a\/"},"modified":"2018-12-19T20:54:05","modified_gmt":"2018-12-19T20:54:05","slug":"sma-formula-cargos-a-enel-generacion-chile-s-a","status":"publish","type":"post","link":"https:\/\/portal.sma.gob.cl\/index.php\/sma-formula-cargos-a-enel-generacion-chile-s-a\/","title":{"rendered":"SMA formula cargos a Enel Generaci\u00f3n Chile S.A."},"content":{"rendered":"<p style=\"text-align: justify;\">\n<p style=\"text-align: justify;\"><strong>Por el incumplimiento del Programa de Monitoreo Permanente de la calidad del efluente respectivo a la descarga de Riles de la Central Termoel\u00e9ctrica Bocamina I y II.<\/strong><\/p>\n<p><!--more--><\/p>\n<p style=\"text-align: justify;\"><strong>Coronel, 23 de noviembre de 2018.<\/strong>&#8211; La Superintendencia del Medio Ambiente (SMA) ha formulado cargos en contra de la empresa Enel Generaci\u00f3n Chile S.A. titular de los proyectos: i) \u201cAmpliaci\u00f3n Central Termoel\u00e9ctrica Bocamina (Segunda Unidad)\u201d calificado ambientalmente a trav\u00e9s de la RCA N\u00b0 206\/2007; ii) \u201cAmpliaci\u00f3n Vertedero Central Termoel\u00e9ctrica Bocamina\u201d, RCA N\u00b0 017\/2010; y iii) \u201cOptimizaci\u00f3n Central Termoel\u00e9ctrica Bocamina Segunda Unidad\u201d, RCA N\u00b0 128\/2015.<\/p>\n<p style=\"text-align: justify;\">El proyecto se encuentra ubicado en Avenida Pedro Aguirre Cerda, sector Lo Rojas, comuna de Coronel, Regi\u00f3n del Biob\u00edo y consiste en la operaci\u00f3n de dos centrales termoel\u00e9ctricas, Unidad 1 denominada Central Termoel\u00e9ctrica Bocamina 1 (CTB1) y Unidad 2 denominada Central Termoel\u00e9ctrica Bocamina 2 (CTB2), a las que se les estableci\u00f3 un Programa de Monitoreo Permanente de la calidad del efluente, de conformidad al D.S. 90\/2000.<\/p>\n<p style=\"text-align: justify;\">En base a los informes de fiscalizaci\u00f3n ambiental, esta Superintendencia detect\u00f3 seis hechos constitutivos de infracci\u00f3n:<\/p>\n<p style=\"text-align: justify;\">1. La CTB1 no inform\u00f3 la totalidad de los par\u00e1metros indicados en su programa de monitoreo.<br \/>\n2. La CTB1 no inform\u00f3 con la frecuencia de monitoreo requerida.<br \/>\n3. La CTB1 super\u00f3 el nivel m\u00e1ximo permitido para el par\u00e1metro Coliformes fecales y\/o S\u00f3lidos Suspendidos Totales.<br \/>\n4. La CTB1 no inform\u00f3 los antecedentes asociados a los remuestreos requeridos.<br \/>\n5. La CTB2 no inform\u00f3 la totalidad de los par\u00e1metros indicados en su programa de monitoreo.<br \/>\n6. La CTB2 no inform\u00f3 con la frecuencia requerida.<\/p>\n<p style=\"text-align: justify;\">Estas infracciones fueron clasificadas como leves por lo que la empresa podr\u00eda ser objeto de amonestaci\u00f3n por escrito o multa de una hasta mil Unidades Tributarias Anuales (UTA).<\/p>\n<p style=\"text-align: justify;\">Tras la notificaci\u00f3n de esta formulaci\u00f3n de cargos, Enel Generaci\u00f3n Chile S.A. tendr\u00e1 un plazo de 10 d\u00edas h\u00e1biles para presentar un Programa de Cumplimiento (PdC) y de 15 d\u00edas h\u00e1biles para formular sus Descargos respectivos.<\/p>\n<p style=\"text-align: justify;\">Para mayor detalle, acceder a la formulaci\u00f3n de cargos en el Sistema Nacional de Informaci\u00f3n de Fiscalizaci\u00f3n Ambiental (SNIFA): <a href=\"http:\/\/snifa.sma.gob.cl\/v2\/Sancionatorio\/Ficha\/1817\">http:\/\/snifa.sma.gob.cl\/v2\/Sancionatorio\/Ficha\/1817<\/a><\/p>\n","protected":false},"excerpt":{"rendered":"<p>Por el incumplimiento del Programa de Monitoreo Permanente de la calidad del efluente respectivo a la descarga de Riles de la Central Termoel\u00e9ctrica Bocamina I y II.<\/p>\n","protected":false},"author":3,"featured_media":17151,"comment_status":"open","ping_status":"open","sticky":false,"template":"","format":"standard","meta":{"footnotes":""},"categories":[90],"tags":[],"class_list":["post-17152","post","type-post","status-publish","format-standard","has-post-thumbnail","hentry","category-comunicados-noticias"],"_links":{"self":[{"href":"https:\/\/portal.sma.gob.cl\/index.php\/wp-json\/wp\/v2\/posts\/17152","targetHints":{"allow":["GET"]}}],"collection":[{"href":"https:\/\/portal.sma.gob.cl\/index.php\/wp-json\/wp\/v2\/posts"}],"about":[{"href":"https:\/\/portal.sma.gob.cl\/index.php\/wp-json\/wp\/v2\/types\/post"}],"author":[{"embeddable":true,"href":"https:\/\/portal.sma.gob.cl\/index.php\/wp-json\/wp\/v2\/users\/3"}],"replies":[{"embeddable":true,"href":"https:\/\/portal.sma.gob.cl\/index.php\/wp-json\/wp\/v2\/comments?post=17152"}],"version-history":[{"count":1,"href":"https:\/\/portal.sma.gob.cl\/index.php\/wp-json\/wp\/v2\/posts\/17152\/revisions"}],"predecessor-version":[{"id":17345,"href":"https:\/\/portal.sma.gob.cl\/index.php\/wp-json\/wp\/v2\/posts\/17152\/revisions\/17345"}],"wp:featuredmedia":[{"embeddable":true,"href":"https:\/\/portal.sma.gob.cl\/index.php\/wp-json\/wp\/v2\/media\/17151"}],"wp:attachment":[{"href":"https:\/\/portal.sma.gob.cl\/index.php\/wp-json\/wp\/v2\/media?parent=17152"}],"wp:term":[{"taxonomy":"category","embeddable":true,"href":"https:\/\/portal.sma.gob.cl\/index.php\/wp-json\/wp\/v2\/categories?post=17152"},{"taxonomy":"post_tag","embeddable":true,"href":"https:\/\/portal.sma.gob.cl\/index.php\/wp-json\/wp\/v2\/tags?post=17152"}],"curies":[{"name":"wp","href":"https:\/\/api.w.org\/{rel}","templated":true}]}}