{"id":17160,"date":"2018-12-03T17:22:32","date_gmt":"2018-12-03T17:22:32","guid":{"rendered":"https:\/\/portal.sma.gob.cl\/index.php\/2018\/12\/03\/sma-de-la-region-del-biobio-realiza-encuentro-en-el-marco-del-incentivo-al-cumplimiento-ambiental\/"},"modified":"2018-12-19T18:47:01","modified_gmt":"2018-12-19T18:47:01","slug":"sma-de-la-region-del-biobio-realiza-encuentro-en-el-marco-del-incentivo-al-cumplimiento-ambiental","status":"publish","type":"post","link":"https:\/\/portal.sma.gob.cl\/index.php\/sma-de-la-region-del-biobio-realiza-encuentro-en-el-marco-del-incentivo-al-cumplimiento-ambiental\/","title":{"rendered":"SMA de la Regi\u00f3n del Biob\u00edo realiza encuentro en el marco del incentivo al cumplimiento ambiental"},"content":{"rendered":"<p><strong>Actividad que estuvo orientada a titulares de la agro industria.<\/strong><\/p>\n<p><!--more--><\/p>\n<p style=\"text-align: justify;\"><strong>Concepci\u00f3n, 30 de Noviembre de 2018.<\/strong> El equipo de la Superintendencia del Medio Ambiente (SMA) de la Regi\u00f3n del Biob\u00edo realiz\u00f3 una reuni\u00f3n en sus dependencias sobre la promoci\u00f3n al cumplimiento dirigida a la agro industria, actividad que cont\u00f3 con la presencia de los representantes de los planteles de cerdos, vacunos y aves de las regiones del Biob\u00edo y de \u00d1uble.<\/p>\n<p style=\"text-align: justify;\">En el encuentro, la Jefa de la Oficina del Biob\u00edo, Emelina Zamorano, present\u00f3 las competencias de la SMA con respecto a c\u00f3mo y cu\u00e1ndo se fiscaliza, el procedimiento sancionatorio, enfatizando la importancia de los programas de cumplimiento y tambi\u00e9n detall\u00f3 las estad\u00edsticas del comportamiento del sector agr\u00edcola principalmente.<\/p>\n<p style=\"text-align: justify;\">Adem\u00e1s, en la reuni\u00f3n se presentaron casos ya sancionados, a modo de ejercicio, en el cual los distintos representantes de los planteles compartieron experiencias de tecnolog\u00edas, para tratamiento de los residuos que se generan en este tipo de actividades.<\/p>\n","protected":false},"excerpt":{"rendered":"<p>Actividad que estuvo orientada a titulares de la agro industria.<\/p>\n","protected":false},"author":3,"featured_media":17159,"comment_status":"open","ping_status":"open","sticky":false,"template":"","format":"standard","meta":{"footnotes":""},"categories":[107,94],"tags":[],"class_list":["post-17160","post","type-post","status-publish","format-standard","has-post-thumbnail","hentry","category-destacado","category-notas-noticias"],"_links":{"self":[{"href":"https:\/\/portal.sma.gob.cl\/index.php\/wp-json\/wp\/v2\/posts\/17160","targetHints":{"allow":["GET"]}}],"collection":[{"href":"https:\/\/portal.sma.gob.cl\/index.php\/wp-json\/wp\/v2\/posts"}],"about":[{"href":"https:\/\/portal.sma.gob.cl\/index.php\/wp-json\/wp\/v2\/types\/post"}],"author":[{"embeddable":true,"href":"https:\/\/portal.sma.gob.cl\/index.php\/wp-json\/wp\/v2\/users\/3"}],"replies":[{"embeddable":true,"href":"https:\/\/portal.sma.gob.cl\/index.php\/wp-json\/wp\/v2\/comments?post=17160"}],"version-history":[{"count":2,"href":"https:\/\/portal.sma.gob.cl\/index.php\/wp-json\/wp\/v2\/posts\/17160\/revisions"}],"predecessor-version":[{"id":17181,"href":"https:\/\/portal.sma.gob.cl\/index.php\/wp-json\/wp\/v2\/posts\/17160\/revisions\/17181"}],"wp:featuredmedia":[{"embeddable":true,"href":"https:\/\/portal.sma.gob.cl\/index.php\/wp-json\/wp\/v2\/media\/17159"}],"wp:attachment":[{"href":"https:\/\/portal.sma.gob.cl\/index.php\/wp-json\/wp\/v2\/media?parent=17160"}],"wp:term":[{"taxonomy":"category","embeddable":true,"href":"https:\/\/portal.sma.gob.cl\/index.php\/wp-json\/wp\/v2\/categories?post=17160"},{"taxonomy":"post_tag","embeddable":true,"href":"https:\/\/portal.sma.gob.cl\/index.php\/wp-json\/wp\/v2\/tags?post=17160"}],"curies":[{"name":"wp","href":"https:\/\/api.w.org\/{rel}","templated":true}]}}