{"id":17162,"date":"2018-12-05T20:56:00","date_gmt":"2018-12-05T20:56:00","guid":{"rendered":"https:\/\/portal.sma.gob.cl\/index.php\/2018\/12\/05\/sma-realizo-encuentro-de-planificacion-2019-de-fiscalizacion\/"},"modified":"2018-12-19T18:46:42","modified_gmt":"2018-12-19T18:46:42","slug":"sma-realizo-encuentro-de-planificacion-2019-de-fiscalizacion","status":"publish","type":"post","link":"https:\/\/portal.sma.gob.cl\/index.php\/sma-realizo-encuentro-de-planificacion-2019-de-fiscalizacion\/","title":{"rendered":"SMA realiz\u00f3 encuentro de planificaci\u00f3n 2019 de Fiscalizaci\u00f3n"},"content":{"rendered":"<p style=\"text-align: justify;\"><strong>La actividad cont\u00f3 con la presencia del Subsecretario del Medio Ambiente, Felipe Riesco, quien dio inicio al encuentro donde los profesionales tanto a nivel nacional como central de la Superintendencia, participaron en talleres, capacitaciones, charlas especializadas y conocieron los lineamientos estrat\u00e9gicos para el pr\u00f3ximo a\u00f1o.<\/strong><\/p>\n<p><!--more--><\/p>\n<p style=\"text-align: justify;\"><strong>Santiago, 05 de diciembre de 2018.<\/strong> La Divisi\u00f3n de Fiscalizaci\u00f3n de la Superintendencia del Medio Ambiente (SMA) realiz\u00f3 entre el 4 y 5 de diciembre un nuevo Encuentro de Fiscalizadores, que tuvo como objetivo analizar los resultados logrado durante este per\u00edodo y planificar los lineamientos estrat\u00e9gicos del 2019. La actividad cont\u00f3 con la presencia del Subsecretario del Medio Ambiente, Felipe Riesco, quien dio el inicio del taller que est\u00e1 orientado a los Jefes Regionales de la SMA, y que se llev\u00f3 a cabo en las dependencias del Learning Group, ubicado en la comuna de Santiago, Regi\u00f3n Metropolitana.<\/p>\n<p style=\"text-align: justify;\">\u201cEstas jornadas de trabajo, son de gran importancia porque nos permite revisar y mejorar nuestros procedimientos de coordinaci\u00f3n y planificaci\u00f3n, as\u00ed como tambi\u00e9n reforzar los est\u00e1ndares de fiscalizaci\u00f3n que nos hemos fijado como Superintendencia. Sin duda, 2019 ser\u00e1 un a\u00f1o de grandes desaf\u00edos y esfuerzos porque abordaremos nuestra llegada a la Regi\u00f3n del \u00d1uble, el alcance de la Ley de Responsabilidad Extendida de Productores (REP) en nuestra gesti\u00f3n, y tambi\u00e9n veremos reforzada nuestra dotaci\u00f3n, entre otros temas\u201d, se\u00f1al\u00f3 Rub\u00e9n Verdugo, Superintendente del Medio Ambiente (S).<\/p>\n<p style=\"text-align: justify;\">El encuentro tambi\u00e9n cont\u00f3 con las directrices generales de la Divisi\u00f3n de Sanci\u00f3n y Cumplimiento, y de la Fiscal\u00eda de la SMA.<\/p>\n","protected":false},"excerpt":{"rendered":"<p>La actividad cont\u00f3 con la presencia del Subsecretario del Medio Ambiente, Felipe Riesco, quien dio inicio al encuentro donde los profesionales tanto a nivel nacional como central de la Superintendencia, participaron en talleres, capacitaciones, charlas especializadas y conocieron los lineamientos estrat\u00e9gicos para el pr\u00f3ximo a\u00f1o.<\/p>\n","protected":false},"author":3,"featured_media":17161,"comment_status":"open","ping_status":"open","sticky":false,"template":"","format":"standard","meta":{"footnotes":""},"categories":[107,94],"tags":[],"class_list":["post-17162","post","type-post","status-publish","format-standard","has-post-thumbnail","hentry","category-destacado","category-notas-noticias"],"_links":{"self":[{"href":"https:\/\/portal.sma.gob.cl\/index.php\/wp-json\/wp\/v2\/posts\/17162","targetHints":{"allow":["GET"]}}],"collection":[{"href":"https:\/\/portal.sma.gob.cl\/index.php\/wp-json\/wp\/v2\/posts"}],"about":[{"href":"https:\/\/portal.sma.gob.cl\/index.php\/wp-json\/wp\/v2\/types\/post"}],"author":[{"embeddable":true,"href":"https:\/\/portal.sma.gob.cl\/index.php\/wp-json\/wp\/v2\/users\/3"}],"replies":[{"embeddable":true,"href":"https:\/\/portal.sma.gob.cl\/index.php\/wp-json\/wp\/v2\/comments?post=17162"}],"version-history":[{"count":2,"href":"https:\/\/portal.sma.gob.cl\/index.php\/wp-json\/wp\/v2\/posts\/17162\/revisions"}],"predecessor-version":[{"id":17320,"href":"https:\/\/portal.sma.gob.cl\/index.php\/wp-json\/wp\/v2\/posts\/17162\/revisions\/17320"}],"wp:featuredmedia":[{"embeddable":true,"href":"https:\/\/portal.sma.gob.cl\/index.php\/wp-json\/wp\/v2\/media\/17161"}],"wp:attachment":[{"href":"https:\/\/portal.sma.gob.cl\/index.php\/wp-json\/wp\/v2\/media?parent=17162"}],"wp:term":[{"taxonomy":"category","embeddable":true,"href":"https:\/\/portal.sma.gob.cl\/index.php\/wp-json\/wp\/v2\/categories?post=17162"},{"taxonomy":"post_tag","embeddable":true,"href":"https:\/\/portal.sma.gob.cl\/index.php\/wp-json\/wp\/v2\/tags?post=17162"}],"curies":[{"name":"wp","href":"https:\/\/api.w.org\/{rel}","templated":true}]}}