{"id":17166,"date":"2018-12-11T20:55:43","date_gmt":"2018-12-11T20:55:43","guid":{"rendered":"https:\/\/portal.sma.gob.cl\/index.php\/2018\/12\/11\/sma-realiza-9-consejo-consultivo-renfa\/"},"modified":"2018-12-19T18:40:39","modified_gmt":"2018-12-19T18:40:39","slug":"sma-realiza-9-consejo-consultivo-renfa","status":"publish","type":"post","link":"https:\/\/portal.sma.gob.cl\/index.php\/sma-realiza-9-consejo-consultivo-renfa\/","title":{"rendered":"SMA realiza 9\u00b0 Consejo Consultivo RENFA"},"content":{"rendered":"<p style=\"text-align: justify;\"><strong>Criterios de ejecuci\u00f3n para el 2019, capacitaciones, fiscalizaciones con enfoque territorial y c\u00f3mo enfrentar eventuales crisis ambientales fueron las tem\u00e1ticas que marcaron la asamblea.<\/strong><\/p>\n<p><!--more--><\/p>\n<p style=\"text-align: justify;\"><strong>Santiago, 11 de diciembre de 2018.<\/strong> La Superintendencias del Medio Ambiente (SMA) a trav\u00e9s de la Divisi\u00f3n de Fiscalizaci\u00f3n realiz\u00f3 el 9\u00b0 Consejo Consultivo de la Red Nacional de Fiscalizaci\u00f3n Ambiental (RENFA), instancia que reuni\u00f3 a 13 de los 16 organismos sectoriales que la integran. Durante la actividad, que cont\u00f3 con la presencia del Superintendente del Medio Ambiente (S), Rub\u00e9n Verdugo, se revis\u00f3 el estado de compromisos pactados durante el consejo anterior y adem\u00e1s se dio cuenta del estado de avance general del \u201cPlan de trabajo Plurianual 2017-2023\u201d, que a la fecha lleva ejecutado un 85% de avance anual del 2018.<\/p>\n<p style=\"text-align: justify;\">El \u00e9nfasis de la reuni\u00f3n tambi\u00e9n estuvo centrado por el tema de la contingencia ambiental, sobre todo, las lecciones aprendidas de la crisis en la zona de Quintero y Puchuncav\u00ed, y las nuevas l\u00edneas de trabajo que desarrollar\u00e1 la SMA con respecto a este tema, tales como: un plan piloto de fiscalizaci\u00f3n ambiental desde una perspectiva territorial, la realizaci\u00f3n durante los pr\u00f3ximos meses de un seminario en conjunto con la US-EPA y la ONEMI para identificar las brechas y oportunidades en materia de manejo de contingencias y emergencias ambientales, para luego sentar las bases de un modelo de coordinaci\u00f3n ante contingencias ambientales desde una perspectiva estatal. Por \u00faltimo, tambi\u00e9n se coment\u00f3 de nuevas instrucciones a titulares de proyectos con Resoluciones de Calificaci\u00f3n Ambiental (RCA).<\/p>\n<p style=\"text-align: justify;\">\u201cAgradezco esta instancia de trabajo, donde nos congregamos todos los miembros de la Red, son sumamente importantes y nos permiten mejorar y dar continuidad al trabajo de fiscalizaci\u00f3n ambiental. La crisis de Quintero nos obliga a perfeccionar nuestro accionar en t\u00e9rminos generales de coordinaci\u00f3n y adecuarnos a una l\u00f3gica de contingencia m\u00e1s innovadora, y en esa l\u00ednea, es que estamos trabajando con la US-EPA y en conjunto con la ONEMI, para coordinar un taller de dos o tres d\u00edas, y donde queremos proponer a la ONEMI que se establezca una l\u00f3gica m\u00e1s formal de c\u00f3mo abordar contingencias ambientales\u201d se\u00f1al\u00f3 Rub\u00e9n Verdugo, Superintendente del Medio Ambiente (S).<\/p>\n<p style=\"text-align: justify;\">El pr\u00f3ximo Consejo Consultivo se realizar\u00e1 durante el mes de mayo de 2019.<\/p>\n","protected":false},"excerpt":{"rendered":"<p>Criterios de ejecuci\u00f3n para el 2019, capacitaciones, fiscalizaciones con enfoque territorial y c\u00f3mo enfrentar eventuales crisis ambientales fueron las tem\u00e1ticas que marcaron la asamblea.<\/p>\n","protected":false},"author":3,"featured_media":17165,"comment_status":"open","ping_status":"open","sticky":false,"template":"","format":"standard","meta":{"footnotes":""},"categories":[107,94],"tags":[],"class_list":["post-17166","post","type-post","status-publish","format-standard","has-post-thumbnail","hentry","category-destacado","category-notas-noticias"],"_links":{"self":[{"href":"https:\/\/portal.sma.gob.cl\/index.php\/wp-json\/wp\/v2\/posts\/17166","targetHints":{"allow":["GET"]}}],"collection":[{"href":"https:\/\/portal.sma.gob.cl\/index.php\/wp-json\/wp\/v2\/posts"}],"about":[{"href":"https:\/\/portal.sma.gob.cl\/index.php\/wp-json\/wp\/v2\/types\/post"}],"author":[{"embeddable":true,"href":"https:\/\/portal.sma.gob.cl\/index.php\/wp-json\/wp\/v2\/users\/3"}],"replies":[{"embeddable":true,"href":"https:\/\/portal.sma.gob.cl\/index.php\/wp-json\/wp\/v2\/comments?post=17166"}],"version-history":[{"count":2,"href":"https:\/\/portal.sma.gob.cl\/index.php\/wp-json\/wp\/v2\/posts\/17166\/revisions"}],"predecessor-version":[{"id":17319,"href":"https:\/\/portal.sma.gob.cl\/index.php\/wp-json\/wp\/v2\/posts\/17166\/revisions\/17319"}],"wp:featuredmedia":[{"embeddable":true,"href":"https:\/\/portal.sma.gob.cl\/index.php\/wp-json\/wp\/v2\/media\/17165"}],"wp:attachment":[{"href":"https:\/\/portal.sma.gob.cl\/index.php\/wp-json\/wp\/v2\/media?parent=17166"}],"wp:term":[{"taxonomy":"category","embeddable":true,"href":"https:\/\/portal.sma.gob.cl\/index.php\/wp-json\/wp\/v2\/categories?post=17166"},{"taxonomy":"post_tag","embeddable":true,"href":"https:\/\/portal.sma.gob.cl\/index.php\/wp-json\/wp\/v2\/tags?post=17166"}],"curies":[{"name":"wp","href":"https:\/\/api.w.org\/{rel}","templated":true}]}}