{"id":17168,"date":"2018-12-14T15:49:37","date_gmt":"2018-12-14T15:49:37","guid":{"rendered":"https:\/\/portal.sma.gob.cl\/index.php\/2018\/12\/14\/sma-realiza-taller-de-cumplimiento-ambiental-para-etfa\/"},"modified":"2018-12-19T18:54:54","modified_gmt":"2018-12-19T18:54:54","slug":"sma-realiza-taller-de-cumplimiento-ambiental-para-etfa","status":"publish","type":"post","link":"https:\/\/portal.sma.gob.cl\/index.php\/sma-realiza-taller-de-cumplimiento-ambiental-para-etfa\/","title":{"rendered":"SMA realiza taller de Cumplimiento Ambiental para ETFA"},"content":{"rendered":"<p style=\"text-align: justify;\"><strong>La actividad tuvo por objeto relevar el rol fundamental que tienen los laboratorios en t\u00e9rminos de informaci\u00f3n ambiental, encuentro al que asistieron m\u00e1s de 50 profesionales del sector.<\/strong><\/p>\n<p><!--more--><\/p>\n<p style=\"text-align: justify;\"><strong>Santiago, 12 de diciembre de 2018.<\/strong> En dependencias del Sal\u00f3n Mario Caiozzi de la Facultad de Ciencias Qu\u00edmicas y Farmac\u00e9uticas de la Universidad de Chile, la Superintendencia del Medio Ambiente (SMA) desarroll\u00f3 un taller ETFA para representantes de laboratorios en el marco del Sistema de Entidades T\u00e9cnicas. Capacitaci\u00f3n que busc\u00f3 relevar el rol fundamental que tienen los laboratorios en t\u00e9rminos de informaci\u00f3n ambiental, y al que asistieron m\u00e1s de 50 profesionales del sector.<\/p>\n<p style=\"text-align: justify;\">El curso comenz\u00f3 con las palabras del Superintendente del Medio Ambiente (S), Rub\u00e9n Verdugo, quien relev\u00f3 el rol fundamental que deben cumplir los laboratorios que trabajan para titulares. \u201cUna de las lecciones que nos deja la crisis ambiental ocurrida en la zona de Quintero y Puchuncav\u00ed es provocar un cambio en la obligaci\u00f3n que tienen los titulares al momento de subir la informaci\u00f3n ambiental, la cual no puede ser entendida como una foto est\u00e1tica, debe ser informaci\u00f3n m\u00e1s din\u00e1mica, porque con estos datos que se suben al sistema, los organismos fiscalizadores y el propio titular, tienen que tomar decisiones; por lo tanto, la robustez de esa informaci\u00f3n es vital\u201d, enfatiz\u00f3 la autoridad.<\/p>\n<p style=\"text-align: justify;\">Cabe recordar, que uno de los procedimientos sancionatorios que dictamin\u00f3 la SMA en dicha crisis, se basa en la falta de informaci\u00f3n y que no fue registrada por una de las estaciones de monitoreo de calidad del aire, que trabaja para uno de los titulares de la zona afectada.<\/p>\n<p style=\"text-align: justify;\">El taller tambi\u00e9n cont\u00f3 con la presentaci\u00f3n del profesor titular de la Facultad de Ciencias Qu\u00edmicas y Farmac\u00e9uticas de la Universidad de Chile, Dr. Pablo Richter, quien expuso sobre las cifras de m\u00e9rito en las mediciones qu\u00edmicas, reforzando que la exactitud y representatividad son las m\u00e1s importantes de estas propiedades anal\u00edticas.<\/p>\n<p style=\"text-align: justify;\">Luego fue el turno de M\u00f3nica Vergara, Encargada de Secci\u00f3n de Autorizaci\u00f3n y Seguimiento a Terceros de la Divisi\u00f3n de Fiscalizaci\u00f3n de la SMA, quien present\u00f3 el Programa de Seguimiento y Control de las ETFA, detallando el contexto en el que trabaja la SMA con las Entidades T\u00e9cnicas, definiciones, campo de acci\u00f3n, modelo de operaci\u00f3n; as\u00ed como tambi\u00e9n, los requisitos para autorizar el trabajo de las ETFA y a los Inspectores Ambientales, y la forma en que los autorizados son controlados y fiscalizados.<\/p>\n<p style=\"text-align: justify;\">Tambi\u00e9n, los asistentes conocieron la experiencia de la DIRECTEMAR asociada a los Laboratorios de Servicios, presentaci\u00f3n que estuvo a cargo de Carolina Valdebenito, Encargada Nacional POAL, y de Gabriel Moraga, Encargado de Evaluaci\u00f3n y Fiscalizaci\u00f3n zona norte-centro de dicha entidad. Ambos profesionales abordaron las principales falencias detectadas en el trabajo en terreno por parte de los laboratorios, y presentaron un an\u00e1lisis y sugerencias de mejoras al respecto.<\/p>\n<p style=\"text-align: justify;\">Al cierre de la actividad, Claudia Pastore, Jefa de Fiscalizaci\u00f3n de la SMA, reforz\u00f3 los lineamientos estrat\u00e9gicos de la Fiscalizaci\u00f3n Ambiental del organismo, y relev\u00f3 una vez m\u00e1s la importancia y prolijidad de las mediciones en el trabajo en terreno. Finalmente, hubo una ronda de preguntas por parte de los participantes y que fue atendida por los expositores y profesionales de la SMA.<\/p>\n<p><strong>Presentaciones para descarga:<\/strong><\/p>\n<div class='w3eden'><!-- WPDM Link Template: Call to Action 3 -->\n\n<div class=\"well c2a3\">\n    <div class=\"media\">\n        <div class=\"mr-3\" align=\"left\">\n            <img decoding=\"async\" class=\"wpdm_icon\" alt=\"\u00cdcono\" src=\"https:\/\/portal.sma.gob.cl\/wp-content\/plugins\/download-manager\/assets\/file-type-icons\/pdf.svg\" \/>\n        <\/div>\n        <div class=\"media-body\">\n            <h3 class=\"media-heading\" style=\"padding-top: 0px;border:0px;margin: 0 0 5px 0;font-size:12pt;\">\n                <a style=\"font-weight: 700\" href=\"https:\/\/portal.sma.gob.cl\/index.php\/download\/experiencia-directemar-asociada-a-laboratorios-de-servicios-de-analisis-de-muestreo\/\">Experiencia DIRECTEMAR asociada a laboratorios de servicios de an\u00e1lisis de muestreo<\/a>\n                <span style=\"font-size:8pt;font-weight:300\" class=\"text-muted ml-4\">\n                    <i class=\"fas fa-hdd mr-1\"><\/i> 2.12 MB\n                    <i class=\"ml-3 far fa-arrow-alt-circle-down mr-1\"><\/i> 39 downloads\n                <\/span>\n            <\/h3>\n            ...\n        <\/div>\n        <div class=\"ml-3\" align=\"right\">\n            <a class='wpdm-download-link download-on-click btn btn-primary btn-sm' rel='nofollow' href='#' data-downloadurl=\"https:\/\/portal.sma.gob.cl\/index.php\/download\/experiencia-directemar-asociada-a-laboratorios-de-servicios-de-analisis-de-muestreo\/?wpdmdl=17321&refresh=69f0aead115161777381037\">Descargar<\/a>\n        <\/div>\n    <\/div>\n\n<\/div>\n<style>\n    .well.c2a3 .btn {\n        padding: 11px 30px;\n        font-size: 11pt;\n    }\n\n    .well.c2a3 .media-body {\n        font-size: 11pt;\n    }\n\n    .well.c2a3 .wpdm_icon {\n        height: 42px;\n        width: auto;\n    }<\/style>\n<\/div>\n<div class='w3eden'><!-- WPDM Link Template: Call to Action 3 -->\n\n<div class=\"well c2a3\">\n    <div class=\"media\">\n        <div class=\"mr-3\" align=\"left\">\n            <img decoding=\"async\" class=\"wpdm_icon\" alt=\"\u00cdcono\" src=\"https:\/\/portal.sma.gob.cl\/wp-content\/plugins\/download-manager\/assets\/file-type-icons\/pdf.svg\" \/>\n        <\/div>\n        <div class=\"media-body\">\n            <h3 class=\"media-heading\" style=\"padding-top: 0px;border:0px;margin: 0 0 5px 0;font-size:12pt;\">\n                <a style=\"font-weight: 700\" href=\"https:\/\/portal.sma.gob.cl\/index.php\/download\/sma-fiscalizacion-ambiental-y-mediciones\/\">SMA- Fiscalizaci\u00f3n ambiental y mediciones<\/a>\n                <span style=\"font-size:8pt;font-weight:300\" class=\"text-muted ml-4\">\n                    <i class=\"fas fa-hdd mr-1\"><\/i> 3.96 MB\n                    <i class=\"ml-3 far fa-arrow-alt-circle-down mr-1\"><\/i> 80 downloads\n                <\/span>\n            <\/h3>\n            ...\n        <\/div>\n        <div class=\"ml-3\" align=\"right\">\n            <a class='wpdm-download-link download-on-click btn btn-primary btn-sm' rel='nofollow' href='#' data-downloadurl=\"https:\/\/portal.sma.gob.cl\/index.php\/download\/sma-fiscalizacion-ambiental-y-mediciones\/?wpdmdl=17323&refresh=69f0aead3af311777381037\">Descargar<\/a>\n        <\/div>\n    <\/div>\n\n<\/div>\n<style>\n    .well.c2a3 .btn {\n        padding: 11px 30px;\n        font-size: 11pt;\n    }\n\n    .well.c2a3 .media-body {\n        font-size: 11pt;\n    }\n\n    .well.c2a3 .wpdm_icon {\n        height: 42px;\n        width: auto;\n    }<\/style>\n<\/div>\n<div class='w3eden'><!-- WPDM Link Template: Call to Action 3 -->\n\n<div class=\"well c2a3\">\n    <div class=\"media\">\n        <div class=\"mr-3\" align=\"left\">\n            <img decoding=\"async\" class=\"wpdm_icon\" alt=\"\u00cdcono\" src=\"https:\/\/portal.sma.gob.cl\/wp-content\/plugins\/download-manager\/assets\/file-type-icons\/pdf.svg\" \/>\n        <\/div>\n        <div class=\"media-body\">\n            <h3 class=\"media-heading\" style=\"padding-top: 0px;border:0px;margin: 0 0 5px 0;font-size:12pt;\">\n                <a style=\"font-weight: 700\" href=\"https:\/\/portal.sma.gob.cl\/index.php\/download\/programa-de-seguimiento-y-control-aplicado-a-etfa\/\">Programa de seguimiento y control aplicado a ETFA<\/a>\n                <span style=\"font-size:8pt;font-weight:300\" class=\"text-muted ml-4\">\n                    <i class=\"fas fa-hdd mr-1\"><\/i> 2.92 MB\n                    <i class=\"ml-3 far fa-arrow-alt-circle-down mr-1\"><\/i> 160 downloads\n                <\/span>\n            <\/h3>\n            ...\n        <\/div>\n        <div class=\"ml-3\" align=\"right\">\n            <a class='wpdm-download-link download-on-click btn btn-primary btn-sm' rel='nofollow' href='#' data-downloadurl=\"https:\/\/portal.sma.gob.cl\/index.php\/download\/programa-de-seguimiento-y-control-aplicado-a-etfa\/?wpdmdl=17324&refresh=69f0aead561b81777381037\">Descargar<\/a>\n        <\/div>\n    <\/div>\n\n<\/div>\n<style>\n    .well.c2a3 .btn {\n        padding: 11px 30px;\n        font-size: 11pt;\n    }\n\n    .well.c2a3 .media-body {\n        font-size: 11pt;\n    }\n\n    .well.c2a3 .wpdm_icon {\n        height: 42px;\n        width: auto;\n    }<\/style>\n<\/div>\n<div class='w3eden'><!-- WPDM Link Template: Call to Action 3 -->\n\n<div class=\"well c2a3\">\n    <div class=\"media\">\n        <div class=\"mr-3\" align=\"left\">\n            <img decoding=\"async\" class=\"wpdm_icon\" alt=\"\u00cdcono\" src=\"https:\/\/portal.sma.gob.cl\/wp-content\/plugins\/download-manager\/assets\/file-type-icons\/pdf.svg\" \/>\n        <\/div>\n        <div class=\"media-body\">\n            <h3 class=\"media-heading\" style=\"padding-top: 0px;border:0px;margin: 0 0 5px 0;font-size:12pt;\">\n                <a style=\"font-weight: 700\" href=\"https:\/\/portal.sma.gob.cl\/index.php\/download\/universidad-de-chile-cifras-de-merito-en-las-mediciones-quimicas-para-que-sirven\/\">Universidad de Chile- Cifras de m\u00e9rito en las mediciones qu\u00edmicas \u00bfpara qu\u00e9 sirven?<\/a>\n                <span style=\"font-size:8pt;font-weight:300\" class=\"text-muted ml-4\">\n                    <i class=\"fas fa-hdd mr-1\"><\/i> 3.41 MB\n                    <i class=\"ml-3 far fa-arrow-alt-circle-down mr-1\"><\/i> 52 downloads\n                <\/span>\n            <\/h3>\n            ...\n        <\/div>\n        <div class=\"ml-3\" align=\"right\">\n            <a class='wpdm-download-link download-on-click btn btn-primary btn-sm' rel='nofollow' href='#' data-downloadurl=\"https:\/\/portal.sma.gob.cl\/index.php\/download\/universidad-de-chile-cifras-de-merito-en-las-mediciones-quimicas-para-que-sirven\/?wpdmdl=17325&refresh=69f0aead6d7881777381037\">Descargar<\/a>\n        <\/div>\n    <\/div>\n\n<\/div>\n<style>\n    .well.c2a3 .btn {\n        padding: 11px 30px;\n        font-size: 11pt;\n    }\n\n    .well.c2a3 .media-body {\n        font-size: 11pt;\n    }\n\n    .well.c2a3 .wpdm_icon {\n        height: 42px;\n        width: auto;\n    }<\/style>\n<\/div>\n","protected":false},"excerpt":{"rendered":"<p>La actividad tuvo por objeto relevar el rol fundamental que tienen los laboratorios en t\u00e9rminos de informaci\u00f3n ambiental, encuentro al que asistieron m\u00e1s de 50 profesionales del sector.<\/p>\n","protected":false},"author":3,"featured_media":17167,"comment_status":"open","ping_status":"open","sticky":false,"template":"","format":"standard","meta":{"footnotes":""},"categories":[107,94],"tags":[],"class_list":["post-17168","post","type-post","status-publish","format-standard","has-post-thumbnail","hentry","category-destacado","category-notas-noticias"],"_links":{"self":[{"href":"https:\/\/portal.sma.gob.cl\/index.php\/wp-json\/wp\/v2\/posts\/17168","targetHints":{"allow":["GET"]}}],"collection":[{"href":"https:\/\/portal.sma.gob.cl\/index.php\/wp-json\/wp\/v2\/posts"}],"about":[{"href":"https:\/\/portal.sma.gob.cl\/index.php\/wp-json\/wp\/v2\/types\/post"}],"author":[{"embeddable":true,"href":"https:\/\/portal.sma.gob.cl\/index.php\/wp-json\/wp\/v2\/users\/3"}],"replies":[{"embeddable":true,"href":"https:\/\/portal.sma.gob.cl\/index.php\/wp-json\/wp\/v2\/comments?post=17168"}],"version-history":[{"count":3,"href":"https:\/\/portal.sma.gob.cl\/index.php\/wp-json\/wp\/v2\/posts\/17168\/revisions"}],"predecessor-version":[{"id":17326,"href":"https:\/\/portal.sma.gob.cl\/index.php\/wp-json\/wp\/v2\/posts\/17168\/revisions\/17326"}],"wp:featuredmedia":[{"embeddable":true,"href":"https:\/\/portal.sma.gob.cl\/index.php\/wp-json\/wp\/v2\/media\/17167"}],"wp:attachment":[{"href":"https:\/\/portal.sma.gob.cl\/index.php\/wp-json\/wp\/v2\/media?parent=17168"}],"wp:term":[{"taxonomy":"category","embeddable":true,"href":"https:\/\/portal.sma.gob.cl\/index.php\/wp-json\/wp\/v2\/categories?post=17168"},{"taxonomy":"post_tag","embeddable":true,"href":"https:\/\/portal.sma.gob.cl\/index.php\/wp-json\/wp\/v2\/tags?post=17168"}],"curies":[{"name":"wp","href":"https:\/\/api.w.org\/{rel}","templated":true}]}}