{"id":17432,"date":"2018-12-20T19:02:41","date_gmt":"2018-12-20T19:02:41","guid":{"rendered":"https:\/\/portal.sma.gob.cl\/?p=17432"},"modified":"2018-12-20T19:08:56","modified_gmt":"2018-12-20T19:08:56","slug":"sma-de-la-region-de-los-rios-realizo-taller-sobre-norma-de-emision-de-ruido","status":"publish","type":"post","link":"https:\/\/portal.sma.gob.cl\/index.php\/sma-de-la-region-de-los-rios-realizo-taller-sobre-norma-de-emision-de-ruido\/","title":{"rendered":"SMA de la Regi\u00f3n de Los R\u00edos realiz\u00f3 taller sobre Norma de Emisi\u00f3n de Ruido"},"content":{"rendered":"<p><strong>Actividad estuvo dirigida a Encargados Ambientales de diversas entidades municipales <\/strong><strong>y administrativas de la zona.<\/strong><br \/>\n<!--more--><br \/>\n<strong>Valdivia, 19 de diciembre de 2018.-<\/strong> En dependencias de la Ilustre Municipalidad de Valdivia, se desarroll\u00f3 un Taller sobre la gesti\u00f3n y fiscalizaci\u00f3n de denuncias de ruidos, que reuni\u00f3 a los Encargados Ambientales de diversas comunas de la Regi\u00f3n de los R\u00edos, tales como Paillaco, La Uni\u00f3n, Lanco, Valdivia, adem\u00e1s del Servicio de Evaluaci\u00f3n Ambiental (SEA) y la SEREMI del Medio Ambiente, quienes eval\u00faan este componente ambiental en el marco del SEIA.<\/p>\n<p>En la oportunidad, el equipo de profesionales de la Oficina de los R\u00edos de la Superintendencia del Medio Ambiente (SMA) expuso acerca de los principales aspectos procedimentales, y normativos del DS 38\/2011, as\u00ed como tambi\u00e9n el procedimiento de fiscalizaci\u00f3n que la SMA realiza en este tipo de denuncias.<\/p>\n<p>La jornada se desarroll\u00f3 en un ambiente de plena colaboraci\u00f3n en que se abordaron diversas, consultas y tambi\u00e9n se intercambiaron valiosas experiencias.<\/p>\n<blockquote><p>\u201cLos ruidos representan casi el 50% de las denuncias que la SMA recibe a nivel nacional, id\u00e9ntica situaci\u00f3n se vive en Los R\u00edos, siendo las municipalidades por regla general el organismo que est\u00e1 m\u00e1s cerca de las personas afectadas, por lo que un accionar coordinado con ellas nos permitir\u00e1 hacer m\u00e1s eficiente nuestro actuar. El taller de hoy, adem\u00e1s se enmarca dentro de nuestra labor de asistencia al cumplimiento, la que desarrollamos con id\u00e9ntica rigurosidad a las labores de fiscalizaci\u00f3n y sanci\u00f3n, para nosotros es un eje fundamental\u201d,<\/p><\/blockquote>\n<p>afirm\u00f3 Mauricio Benitez, Jefe (S) de la Oficina Regional de Los R\u00edos de la SMA.<\/p>\n","protected":false},"excerpt":{"rendered":"<p>Actividad estuvo dirigida a Encargados Ambientales de diversas entidades municipales y administrativas de la zona.<\/p>\n","protected":false},"author":3,"featured_media":17433,"comment_status":"open","ping_status":"open","sticky":false,"template":"","format":"standard","meta":{"footnotes":""},"categories":[107,94],"tags":[],"class_list":["post-17432","post","type-post","status-publish","format-standard","has-post-thumbnail","hentry","category-destacado","category-notas-noticias"],"_links":{"self":[{"href":"https:\/\/portal.sma.gob.cl\/index.php\/wp-json\/wp\/v2\/posts\/17432","targetHints":{"allow":["GET"]}}],"collection":[{"href":"https:\/\/portal.sma.gob.cl\/index.php\/wp-json\/wp\/v2\/posts"}],"about":[{"href":"https:\/\/portal.sma.gob.cl\/index.php\/wp-json\/wp\/v2\/types\/post"}],"author":[{"embeddable":true,"href":"https:\/\/portal.sma.gob.cl\/index.php\/wp-json\/wp\/v2\/users\/3"}],"replies":[{"embeddable":true,"href":"https:\/\/portal.sma.gob.cl\/index.php\/wp-json\/wp\/v2\/comments?post=17432"}],"version-history":[{"count":4,"href":"https:\/\/portal.sma.gob.cl\/index.php\/wp-json\/wp\/v2\/posts\/17432\/revisions"}],"predecessor-version":[{"id":17440,"href":"https:\/\/portal.sma.gob.cl\/index.php\/wp-json\/wp\/v2\/posts\/17432\/revisions\/17440"}],"wp:featuredmedia":[{"embeddable":true,"href":"https:\/\/portal.sma.gob.cl\/index.php\/wp-json\/wp\/v2\/media\/17433"}],"wp:attachment":[{"href":"https:\/\/portal.sma.gob.cl\/index.php\/wp-json\/wp\/v2\/media?parent=17432"}],"wp:term":[{"taxonomy":"category","embeddable":true,"href":"https:\/\/portal.sma.gob.cl\/index.php\/wp-json\/wp\/v2\/categories?post=17432"},{"taxonomy":"post_tag","embeddable":true,"href":"https:\/\/portal.sma.gob.cl\/index.php\/wp-json\/wp\/v2\/tags?post=17432"}],"curies":[{"name":"wp","href":"https:\/\/api.w.org\/{rel}","templated":true}]}}