{"id":17462,"date":"2019-01-02T13:28:04","date_gmt":"2019-01-02T13:28:04","guid":{"rendered":"https:\/\/portal.sma.gob.cl\/?p=17462"},"modified":"2019-01-02T13:37:51","modified_gmt":"2019-01-02T13:37:51","slug":"sernageomin-y-sma-firman-convenio-de-cooperacion","status":"publish","type":"post","link":"https:\/\/portal.sma.gob.cl\/index.php\/sernageomin-y-sma-firman-convenio-de-cooperacion\/","title":{"rendered":"SERNAGEOMIN y SMA firman convenio de cooperaci\u00f3n"},"content":{"rendered":"<p><strong>Acuerdo se enmarca en el plan de trabajo de la Red Nacional de Fiscalizaci\u00f3n Ambiental (RENFA) 2017-2023, que ha establecido diversas l\u00edneas de trabajo para fortalecer la labor del Estado en materia de fiscalizaci\u00f3n ambiental.<\/strong><\/p>\n<p><strong>Santiago, 02 de enero de 2019.<\/strong>\u00a0El Servicio Nacional de Geolog\u00eda y Miner\u00eda (SERNAGEOMIN), y la Superintendencia del Medio Ambiente (SMA) firmaron un convenio de colaboraci\u00f3n sobre fiscalizaci\u00f3n ambiental el pasado 26 de diciembre de 2018, trabajado en forma conjunta por las \u00e1reas t\u00e9cnicas y jur\u00eddicas de ambas entidades, y que tiene por objeto reforzar el sistema de colaboraci\u00f3n en materias de fiscalizaci\u00f3n ambiental, en el marco de la LO-SMA, y definir canales de colaboraci\u00f3n entre ambos servicios en caso de actividades no programadas, situaciones de riesgo para el medio ambiente, y para la gesti\u00f3n de emergencias o contingencias ambientales en materias mineras.<\/p>\n<p>Entre los acuerdos del convenio, se encuentra la creaci\u00f3n de una mesa de trabajo t\u00e9cnico-jur\u00eddica, que deber\u00e1 definir en el plazo de un a\u00f1o, por una parte, un formato de reporte t\u00e9cnico espec\u00edfico que permita relevar las principales materias observadas en fiscalizaciones a proyectos mineros; y por otro lado, trabajar en la identificaci\u00f3n de eventuales hip\u00f3tesis o situaciones de superposici\u00f3n de competencias de fiscalizaci\u00f3n y sanci\u00f3n.<\/p>\n<p>La firma del convenio, se enmarca en el plan de trabajo de la RENFA 2017-2023, el cual ha establecido diversas l\u00edneas de trabajo para fortalecer la labor del Estado en materia de fiscalizaci\u00f3n ambiental. Este convenio es el quinto en esta l\u00ednea, sumando a los ya suscritos por la SMA con la Superintendencia de Servicios Sanitarios (SISS), Servicio Nacional de Pesca y Acuicultura (SERNAPESCA), Direcci\u00f3n General del Territorio Mar\u00edtimo y de Marina Mercante (DIRECTEMAR) y con la Subsecretar\u00eda de Salud P\u00fablica.<\/p>\n<p>Descarga el convenio aqu\u00ed.<\/p>\n<div class='w3eden'><!-- WPDM Link Template: Call to Action 3 -->\n\n<div class=\"well c2a3\">\n    <div class=\"media\">\n        <div class=\"mr-3\" align=\"left\">\n            <img decoding=\"async\" class=\"wpdm_icon\" alt=\"\u00cdcono\"   src=\"https:\/\/portal.sma.gob.cl\/wp-content\/plugins\/download-manager\/assets\/file-type-icons\/pdf.svg\" \/>\n        <\/div>\n        <div class=\"media-body\">\n            <h3 class=\"media-heading\" style=\"padding-top: 0px;border:0px;margin: 0 0 5px 0;font-size:12pt;\">\n                <a style=\"font-weight: 700\" href=\"https:\/\/portal.sma.gob.cl\/index.php\/download\/convenio-sma-sernageomin\/\">Convenio SMA-SERNAGEOMIN<\/a>\n                <span style=\"font-size:8pt;font-weight:300\" class=\"text-muted ml-4\">\n                    <i class=\"fas fa-hdd mr-1\"><\/i> 2.53 MB\n                    <i class=\"ml-3 far fa-arrow-alt-circle-down mr-1\"><\/i> 127 downloads\n                <\/span>\n            <\/h3>\n            ...\n        <\/div>\n        <div class=\"ml-3\" align=\"right\">\n            <a class='wpdm-download-link download-on-click btn btn-primary btn-sm' rel='nofollow' href='#' data-downloadurl=\"https:\/\/portal.sma.gob.cl\/index.php\/download\/convenio-sma-sernageomin\/?wpdmdl=17464&refresh=69f0a577a6c2c1777378679\">Descargar<\/a>\n        <\/div>\n    <\/div>\n\n<\/div>\n<style>\n    .well.c2a3 .btn {\n        padding: 11px 30px;\n        font-size: 11pt;\n    }\n\n    .well.c2a3 .media-body {\n        font-size: 11pt;\n    }\n\n    .well.c2a3 .wpdm_icon {\n        height: 42px;\n        width: auto;\n    }<\/style>\n<\/div>\n","protected":false},"excerpt":{"rendered":"<p>Acuerdo se enmarca en el plan de trabajo de la Red Nacional de Fiscalizaci\u00f3n Ambiental (RENFA) 2017-2023, que ha establecido diversas l\u00edneas de trabajo para fortalecer la labor del Estado en materia de fiscalizaci\u00f3n ambiental. Santiago, 02 de enero de 2019.\u00a0El Servicio Nacional de Geolog\u00eda y Miner\u00eda (SERNAGEOMIN), y la Superintendencia del Medio Ambiente (SMA) firmaron <a href=\"https:\/\/portal.sma.gob.cl\/index.php\/sernageomin-y-sma-firman-convenio-de-cooperacion\/\">Leer m\u00e1s<\/a><\/p>\n","protected":false},"author":3,"featured_media":17471,"comment_status":"open","ping_status":"open","sticky":false,"template":"","format":"standard","meta":{"footnotes":""},"categories":[107,94],"tags":[],"class_list":["post-17462","post","type-post","status-publish","format-standard","has-post-thumbnail","hentry","category-destacado","category-notas-noticias"],"_links":{"self":[{"href":"https:\/\/portal.sma.gob.cl\/index.php\/wp-json\/wp\/v2\/posts\/17462","targetHints":{"allow":["GET"]}}],"collection":[{"href":"https:\/\/portal.sma.gob.cl\/index.php\/wp-json\/wp\/v2\/posts"}],"about":[{"href":"https:\/\/portal.sma.gob.cl\/index.php\/wp-json\/wp\/v2\/types\/post"}],"author":[{"embeddable":true,"href":"https:\/\/portal.sma.gob.cl\/index.php\/wp-json\/wp\/v2\/users\/3"}],"replies":[{"embeddable":true,"href":"https:\/\/portal.sma.gob.cl\/index.php\/wp-json\/wp\/v2\/comments?post=17462"}],"version-history":[{"count":7,"href":"https:\/\/portal.sma.gob.cl\/index.php\/wp-json\/wp\/v2\/posts\/17462\/revisions"}],"predecessor-version":[{"id":17470,"href":"https:\/\/portal.sma.gob.cl\/index.php\/wp-json\/wp\/v2\/posts\/17462\/revisions\/17470"}],"wp:featuredmedia":[{"embeddable":true,"href":"https:\/\/portal.sma.gob.cl\/index.php\/wp-json\/wp\/v2\/media\/17471"}],"wp:attachment":[{"href":"https:\/\/portal.sma.gob.cl\/index.php\/wp-json\/wp\/v2\/media?parent=17462"}],"wp:term":[{"taxonomy":"category","embeddable":true,"href":"https:\/\/portal.sma.gob.cl\/index.php\/wp-json\/wp\/v2\/categories?post=17462"},{"taxonomy":"post_tag","embeddable":true,"href":"https:\/\/portal.sma.gob.cl\/index.php\/wp-json\/wp\/v2\/tags?post=17462"}],"curies":[{"name":"wp","href":"https:\/\/api.w.org\/{rel}","templated":true}]}}