{"id":17612,"date":"2019-01-17T20:19:27","date_gmt":"2019-01-17T20:19:27","guid":{"rendered":"https:\/\/portal.sma.gob.cl\/?p=17612"},"modified":"2019-01-17T20:19:53","modified_gmt":"2019-01-17T20:19:53","slug":"sma-intensifica-fiscalizacion-a-empresa-ecosolucion-de-paillaco","status":"publish","type":"post","link":"https:\/\/portal.sma.gob.cl\/index.php\/sma-intensifica-fiscalizacion-a-empresa-ecosolucion-de-paillaco\/","title":{"rendered":"SMA intensifica fiscalizaci\u00f3n a empresa Ecosoluci\u00f3n de Paillaco"},"content":{"rendered":"<p><strong>Luego de las emanaciones de humo negro ocurridas en los \u00faltimos d\u00edas en la operaci\u00f3n de la empresa y que fueron denunciadas por la comunidad.<\/strong><\/p>\n<p><strong>Valdivia, 17 de enero de 2019.-<\/strong> La Superintendencia del Medio Ambiente (SMA) a trav\u00e9s de la Oficina Regional de Los R\u00edos ha intensificado el trabajo de fiscalizaci\u00f3n al Centro de Gesti\u00f3n de Residuos biol\u00f3gicos y desechos derivados de recintos Cl\u00ednicos y Hospitalarios, de Soluciones Ecol\u00f3gicas y Medio Ambientales S.A. (ECOSOLUCI\u00d3N), titular que en los \u00faltimos d\u00edas ha presentado emanaciones de humo negro en su operaci\u00f3n y que han afectado a la comunidad. Esta ma\u00f1ana la SMA realiz\u00f3 un procedimiento de fiscalizaci\u00f3n a la empresa, actividad que cont\u00f3 adem\u00e1s con el trabajo de profesionales especializado en emisiones, quienes realizaron mediciones in situ, y cuyos resultados ser\u00e1n incorporados a las investigaciones que est\u00e1n en curso.<\/p>\n<p>\u201cLas acciones de fiscalizaci\u00f3n de los \u00faltimos d\u00edas tiene por objeto verificar si la empresa Ecosoluci\u00f3n est\u00e1 realizando las medidas ordenadas por esta Superintendencia. De no cumplir con lo estipulado no descartamos nuevas acciones en el futuro en contra de dicho titular\u201d, afirm\u00f3 Eduardo Rodr\u00edguez, Jefe de la Oficina Regional de Los R\u00edos de la SMA.<\/p>\n<p>Cabe recordar que la SMA durante el mes de septiembre de 2018 orden\u00f3 Medidas Provisionales a Ecosoluci\u00f3n orientadas a la detenci\u00f3n de funcionamiento de toda la instalaci\u00f3n de dicho proyecto, incluido los dos incineradores; y en diciembre pasado, la empresa fue notificada con una resoluci\u00f3n que determinaba medidas de control y de seguridad.<\/p>\n<p>M\u00e1s informaci\u00f3n del caso en el Sistema Nacional de Informaci\u00f3n de Fiscalizaci\u00f3n Ambiental (SNIFA): <a href=\"http:\/\/snifa.sma.gob.cl\/v2\/Sancionatorio\/Ficha\/1513\" target=\"_blank\" rel=\"noopener\">http:\/\/snifa.sma.gob.cl\/v2\/Sancionatorio\/Ficha\/1513<\/a><\/p>\n","protected":false},"excerpt":{"rendered":"<p>Luego de las emanaciones de humo negro ocurridas en los \u00faltimos d\u00edas en la operaci\u00f3n de la empresa y que fueron denunciadas por la comunidad. Valdivia, 17 de enero de 2019.- La Superintendencia del Medio Ambiente (SMA) a trav\u00e9s de la Oficina Regional de Los R\u00edos ha intensificado el trabajo de fiscalizaci\u00f3n al Centro de Gesti\u00f3n <a href=\"https:\/\/portal.sma.gob.cl\/index.php\/sma-intensifica-fiscalizacion-a-empresa-ecosolucion-de-paillaco\/\">Leer m\u00e1s<\/a><\/p>\n","protected":false},"author":3,"featured_media":17613,"comment_status":"open","ping_status":"open","sticky":false,"template":"","format":"standard","meta":{"footnotes":""},"categories":[90,107],"tags":[],"class_list":["post-17612","post","type-post","status-publish","format-standard","has-post-thumbnail","hentry","category-comunicados-noticias","category-destacado"],"_links":{"self":[{"href":"https:\/\/portal.sma.gob.cl\/index.php\/wp-json\/wp\/v2\/posts\/17612","targetHints":{"allow":["GET"]}}],"collection":[{"href":"https:\/\/portal.sma.gob.cl\/index.php\/wp-json\/wp\/v2\/posts"}],"about":[{"href":"https:\/\/portal.sma.gob.cl\/index.php\/wp-json\/wp\/v2\/types\/post"}],"author":[{"embeddable":true,"href":"https:\/\/portal.sma.gob.cl\/index.php\/wp-json\/wp\/v2\/users\/3"}],"replies":[{"embeddable":true,"href":"https:\/\/portal.sma.gob.cl\/index.php\/wp-json\/wp\/v2\/comments?post=17612"}],"version-history":[{"count":2,"href":"https:\/\/portal.sma.gob.cl\/index.php\/wp-json\/wp\/v2\/posts\/17612\/revisions"}],"predecessor-version":[{"id":17615,"href":"https:\/\/portal.sma.gob.cl\/index.php\/wp-json\/wp\/v2\/posts\/17612\/revisions\/17615"}],"wp:featuredmedia":[{"embeddable":true,"href":"https:\/\/portal.sma.gob.cl\/index.php\/wp-json\/wp\/v2\/media\/17613"}],"wp:attachment":[{"href":"https:\/\/portal.sma.gob.cl\/index.php\/wp-json\/wp\/v2\/media?parent=17612"}],"wp:term":[{"taxonomy":"category","embeddable":true,"href":"https:\/\/portal.sma.gob.cl\/index.php\/wp-json\/wp\/v2\/categories?post=17612"},{"taxonomy":"post_tag","embeddable":true,"href":"https:\/\/portal.sma.gob.cl\/index.php\/wp-json\/wp\/v2\/tags?post=17612"}],"curies":[{"name":"wp","href":"https:\/\/api.w.org\/{rel}","templated":true}]}}