{"id":17721,"date":"2019-02-15T20:15:11","date_gmt":"2019-02-15T20:15:11","guid":{"rendered":"https:\/\/portal.sma.gob.cl\/?p=17721"},"modified":"2019-02-15T20:15:11","modified_gmt":"2019-02-15T20:15:11","slug":"sma-ordena-medida-provisional-de-suspension-total-a-la-etfa-centro-ecologia-aplicada-ltda","status":"publish","type":"post","link":"https:\/\/portal.sma.gob.cl\/index.php\/sma-ordena-medida-provisional-de-suspension-total-a-la-etfa-centro-ecologia-aplicada-ltda\/","title":{"rendered":"SMA ordena Medida Provisional de suspensi\u00f3n total a la ETFA Centro Ecolog\u00eda Aplicada Ltda."},"content":{"rendered":"<p><strong>Luego de una actividad de fiscalizaci\u00f3n en la que se constat\u00f3 que dicha ETFA no operaba en la direcci\u00f3n autorizada y por haber realizado actividades sin contar con autorizaciones respectivas.<\/strong><\/p>\n<p><strong>Santiago, 15 de febrero de 2019.<\/strong> La Superintendencia del Medio Ambiente (SMA) orden\u00f3 una Medida Provisional de suspensi\u00f3n total a la Entidad T\u00e9cnica de Fiscalizaci\u00f3n Ambiental (ETFA) Centro de Ecolog\u00eda Aplicada Ltda., sucursal bajo el mismo nombre y autorizada para operar en la calle Sucre 2596, comuna de \u00d1u\u00f1oa, Regi\u00f3n Metropolitana; luego de una actividad de fiscalizaci\u00f3n en la que se constat\u00f3 que dicha ETFA no operaba en la direcci\u00f3n autorizada desde abril del a\u00f1o 2018 y por haber realizado actividades sin contar con autorizaciones respectivas.<\/p>\n<p>La acci\u00f3n, se sustenta debido a que la ETFA Centro de Ecolog\u00eda Aplicada no ha informado a esta Superintendencia de una nueva direcci\u00f3n donde est\u00e9 operando, tal como lo exige el D.S. N\u00b038\/2013 en al art\u00edculo 15, letra a) y que establece las obligaciones de las ETFA: \u201cInformar a la Superintendencia, dentro del plazo de cinco d\u00edas h\u00e1biles, contado desde el momento en que se verific\u00f3 el hecho, de cualquier cambio que incida en el cumplimiento de los requisitos de los art\u00edculos 3\u00ba y 4\u00ba del presente reglamento, seg\u00fan corresponda\u201d.<\/p>\n<p>Adem\u00e1s, durante la actividad de fiscalizaci\u00f3n se observ\u00f3 que la ETFA realiz\u00f3 39 actividades de muestreo, medici\u00f3n y an\u00e1lisis en aguas superficiales y crudas, sin contar con la autorizaci\u00f3n de la SMA, lo que constituir\u00eda un incumplimiento al reglamento ETFA.<\/p>\n<p>La Medida Provisional tendr\u00e1 un plazo de 15 d\u00edas h\u00e1biles, a partir de la notificaci\u00f3n al titular.<\/p>\n","protected":false},"excerpt":{"rendered":"<p>Luego de una actividad de fiscalizaci\u00f3n en la que se constat\u00f3 que dicha ETFA no operaba en la direcci\u00f3n autorizada y por haber realizado actividades sin contar con autorizaciones respectivas. Santiago, 15 de febrero de 2019. La Superintendencia del Medio Ambiente (SMA) orden\u00f3 una Medida Provisional de suspensi\u00f3n total a la Entidad T\u00e9cnica de Fiscalizaci\u00f3n Ambiental <a href=\"https:\/\/portal.sma.gob.cl\/index.php\/sma-ordena-medida-provisional-de-suspension-total-a-la-etfa-centro-ecologia-aplicada-ltda\/\">Leer m\u00e1s<\/a><\/p>\n","protected":false},"author":8,"featured_media":17724,"comment_status":"open","ping_status":"open","sticky":false,"template":"","format":"standard","meta":{"footnotes":""},"categories":[107,94],"tags":[],"class_list":["post-17721","post","type-post","status-publish","format-standard","has-post-thumbnail","hentry","category-destacado","category-notas-noticias"],"_links":{"self":[{"href":"https:\/\/portal.sma.gob.cl\/index.php\/wp-json\/wp\/v2\/posts\/17721","targetHints":{"allow":["GET"]}}],"collection":[{"href":"https:\/\/portal.sma.gob.cl\/index.php\/wp-json\/wp\/v2\/posts"}],"about":[{"href":"https:\/\/portal.sma.gob.cl\/index.php\/wp-json\/wp\/v2\/types\/post"}],"author":[{"embeddable":true,"href":"https:\/\/portal.sma.gob.cl\/index.php\/wp-json\/wp\/v2\/users\/8"}],"replies":[{"embeddable":true,"href":"https:\/\/portal.sma.gob.cl\/index.php\/wp-json\/wp\/v2\/comments?post=17721"}],"version-history":[{"count":2,"href":"https:\/\/portal.sma.gob.cl\/index.php\/wp-json\/wp\/v2\/posts\/17721\/revisions"}],"predecessor-version":[{"id":17723,"href":"https:\/\/portal.sma.gob.cl\/index.php\/wp-json\/wp\/v2\/posts\/17721\/revisions\/17723"}],"wp:featuredmedia":[{"embeddable":true,"href":"https:\/\/portal.sma.gob.cl\/index.php\/wp-json\/wp\/v2\/media\/17724"}],"wp:attachment":[{"href":"https:\/\/portal.sma.gob.cl\/index.php\/wp-json\/wp\/v2\/media?parent=17721"}],"wp:term":[{"taxonomy":"category","embeddable":true,"href":"https:\/\/portal.sma.gob.cl\/index.php\/wp-json\/wp\/v2\/categories?post=17721"},{"taxonomy":"post_tag","embeddable":true,"href":"https:\/\/portal.sma.gob.cl\/index.php\/wp-json\/wp\/v2\/tags?post=17721"}],"curies":[{"name":"wp","href":"https:\/\/api.w.org\/{rel}","templated":true}]}}