{"id":17841,"date":"2019-03-13T19:29:12","date_gmt":"2019-03-13T19:29:12","guid":{"rendered":"https:\/\/portal.sma.gob.cl\/?p=17841"},"modified":"2019-03-13T19:43:40","modified_gmt":"2019-03-13T19:43:40","slug":"sma-realiza-taller-sobre-coordinacion-y-manejo-de-emergencias-ambientales","status":"publish","type":"post","link":"https:\/\/portal.sma.gob.cl\/index.php\/sma-realiza-taller-sobre-coordinacion-y-manejo-de-emergencias-ambientales\/","title":{"rendered":"SMA realiz\u00f3 Taller sobre Coordinaci\u00f3n y Manejo de Emergencias Ambientales"},"content":{"rendered":"<p><strong>La actividad cont\u00f3 con la presencia del Subsecretario del Medio Ambiente, Felipe Riesco, quien dio el inicio al encuentro. Los asistentes tambi\u00e9n revisaron presentaciones realizadas por profesionales de la Agencia de Protecci\u00f3n Ambiental de Estados Unidos.<\/strong><\/p>\n<p><strong>Santiago, 13 de marzo de 2019.<\/strong> La Superintendencia del Medio Ambiente (SMA), en conjunto con la Agencia de Protecci\u00f3n Ambiental de Estados Unidos (US-EPA) realizaron los d\u00edas 12 y 13 de marzo en el Hotel Galer\u00edas el Taller denominado \u201cCoordinaci\u00f3n y Manejo de Emergencias Ambientales\u201d, y que tuvo por objeto establecer herramientas de organizaci\u00f3n y de uso frente a eventuales escenarios de Emergencias Ambientales en nuestro pa\u00eds. El encuentro, estuvo dirigido a los Jefes Regionales de la SMA, Seremis del Medio Ambiente y a los profesionales que forman parte de la Red Nacional de Fiscalizaci\u00f3n Ambiental (RENFA).<\/p>\n<p>La actividad cont\u00f3 adem\u00e1s con la presencia del Subsecretario del Medio Ambiente, Felipe Riesco, quien dio el inicio del taller, planteando que \u201ces una gran oportunidad que la EPA nos pueda ilustrar de c\u00f3mo abordar de forma r\u00e1pida y certera las emergencias ambientales. Parte importante del manejo de crisis, va acompa\u00f1ado de un buen manejo comunicacional, y que como autoridades tenemos que tener para dar tranquilidad a la poblaci\u00f3n\u201d, afirm\u00f3 la autoridad.<\/p>\n<p><a href=\"https:\/\/portal.sma.gob.cl\/wp-content\/uploads\/2019\/03\/Nota-SMA-realiza-taller-coordinacio\u0301n-y-manejo-emergencias-ambientales-C.jpg\"><img decoding=\"async\" class=\"alignnone wp-image-17847 size-full\" src=\"https:\/\/portal.sma.gob.cl\/wp-content\/uploads\/2019\/03\/Nota-SMA-realiza-taller-coordinacio\u0301n-y-manejo-emergencias-ambientales-C.jpg\" alt=\"\" width=\"1100\" height=\"640\" srcset=\"https:\/\/portal.sma.gob.cl\/wp-content\/uploads\/2019\/03\/Nota-SMA-realiza-taller-coordinacio\u0301n-y-manejo-emergencias-ambientales-C-200x116.jpg 200w, https:\/\/portal.sma.gob.cl\/wp-content\/uploads\/2019\/03\/Nota-SMA-realiza-taller-coordinacio\u0301n-y-manejo-emergencias-ambientales-C-300x175.jpg 300w, https:\/\/portal.sma.gob.cl\/wp-content\/uploads\/2019\/03\/Nota-SMA-realiza-taller-coordinacio\u0301n-y-manejo-emergencias-ambientales-C-400x233.jpg 400w, https:\/\/portal.sma.gob.cl\/wp-content\/uploads\/2019\/03\/Nota-SMA-realiza-taller-coordinacio\u0301n-y-manejo-emergencias-ambientales-C-600x349.jpg 600w, https:\/\/portal.sma.gob.cl\/wp-content\/uploads\/2019\/03\/Nota-SMA-realiza-taller-coordinacio\u0301n-y-manejo-emergencias-ambientales-C-768x447.jpg 768w, https:\/\/portal.sma.gob.cl\/wp-content\/uploads\/2019\/03\/Nota-SMA-realiza-taller-coordinacio\u0301n-y-manejo-emergencias-ambientales-C-800x465.jpg 800w, https:\/\/portal.sma.gob.cl\/wp-content\/uploads\/2019\/03\/Nota-SMA-realiza-taller-coordinacio\u0301n-y-manejo-emergencias-ambientales-C-1024x596.jpg 1024w, https:\/\/portal.sma.gob.cl\/wp-content\/uploads\/2019\/03\/Nota-SMA-realiza-taller-coordinacio\u0301n-y-manejo-emergencias-ambientales-C.jpg 1100w\" sizes=\"(max-width: 1100px) 100vw, 1100px\" \/><\/a><\/p>\n<p>Por su parte, el Superintendente del Medio Ambiente (S), Rub\u00e9n Verdugo enfatiz\u00f3 que \u201cel objetivo de esta actividad es generar un peque\u00f1o documento, que como institucionalidad ambiental, vamos a entregar a la Oficina Nacional de Emergencias (ONEMI) insumos que sirvan para generar una suerte de protocolo o procedimiento, y que nos permita de manera coordinada y oportuna, entregar informaci\u00f3n adecuada a la comunidad\u201d, sostuvo.<\/p>\n<p>Durante el taller, los expertos de la US-EPA, Becki Wessinger, Benjamin Franco y Tony Moore realizaron distintas exposiciones, y en las que abordaron tem\u00e1ticas relacionadas a antecedentes generales de las Emergencias Ambientales, proyectaron casos de estudios, profundizaron sobre los fundamentos de la planificaci\u00f3n y desarrollo de planes de operaci\u00f3n de emergencias, expusieron sobre la identificaci\u00f3n de peligros y amenazas en la evaluaci\u00f3n de riesgo, entre otras tem\u00e1ticas.<\/p>\n<p>Finalmente, la actividad termin\u00f3 con el desarrollo de casos pr\u00e1cticos y con una discusi\u00f3n grupal para identificar lecciones aprendidas y pr\u00f3ximos desaf\u00edos.<\/p>\n<p><a href=\"https:\/\/portal.sma.gob.cl\/wp-content\/uploads\/2019\/03\/Nota-SMA-realiza-taller-coordinacio\u0301n-y-manejo-emergencias-ambientales-D.jpg\"><img decoding=\"async\" class=\"alignnone size-full wp-image-17848\" src=\"https:\/\/portal.sma.gob.cl\/wp-content\/uploads\/2019\/03\/Nota-SMA-realiza-taller-coordinacio\u0301n-y-manejo-emergencias-ambientales-D.jpg\" alt=\"\" width=\"1100\" height=\"640\" srcset=\"https:\/\/portal.sma.gob.cl\/wp-content\/uploads\/2019\/03\/Nota-SMA-realiza-taller-coordinacio\u0301n-y-manejo-emergencias-ambientales-D-200x116.jpg 200w, https:\/\/portal.sma.gob.cl\/wp-content\/uploads\/2019\/03\/Nota-SMA-realiza-taller-coordinacio\u0301n-y-manejo-emergencias-ambientales-D-300x175.jpg 300w, https:\/\/portal.sma.gob.cl\/wp-content\/uploads\/2019\/03\/Nota-SMA-realiza-taller-coordinacio\u0301n-y-manejo-emergencias-ambientales-D-400x233.jpg 400w, https:\/\/portal.sma.gob.cl\/wp-content\/uploads\/2019\/03\/Nota-SMA-realiza-taller-coordinacio\u0301n-y-manejo-emergencias-ambientales-D-600x349.jpg 600w, https:\/\/portal.sma.gob.cl\/wp-content\/uploads\/2019\/03\/Nota-SMA-realiza-taller-coordinacio\u0301n-y-manejo-emergencias-ambientales-D-768x447.jpg 768w, https:\/\/portal.sma.gob.cl\/wp-content\/uploads\/2019\/03\/Nota-SMA-realiza-taller-coordinacio\u0301n-y-manejo-emergencias-ambientales-D-800x465.jpg 800w, https:\/\/portal.sma.gob.cl\/wp-content\/uploads\/2019\/03\/Nota-SMA-realiza-taller-coordinacio\u0301n-y-manejo-emergencias-ambientales-D-1024x596.jpg 1024w, https:\/\/portal.sma.gob.cl\/wp-content\/uploads\/2019\/03\/Nota-SMA-realiza-taller-coordinacio\u0301n-y-manejo-emergencias-ambientales-D.jpg 1100w\" sizes=\"(max-width: 1100px) 100vw, 1100px\" \/><\/a><\/p>\n","protected":false},"excerpt":{"rendered":"<p>La actividad cont\u00f3 con la presencia del Subsecretario del Medio Ambiente, Felipe Riesco, quien dio el inicio al encuentro. Los asistentes tambi\u00e9n revisaron presentaciones realizadas por profesionales de la Agencia de Protecci\u00f3n Ambiental de Estados Unidos. Santiago, 13 de marzo de 2019. La Superintendencia del Medio Ambiente (SMA), en conjunto con la Agencia de Protecci\u00f3n Ambiental <a href=\"https:\/\/portal.sma.gob.cl\/index.php\/sma-realiza-taller-sobre-coordinacion-y-manejo-de-emergencias-ambientales\/\">Leer m\u00e1s<\/a><\/p>\n","protected":false},"author":8,"featured_media":17851,"comment_status":"open","ping_status":"open","sticky":false,"template":"","format":"standard","meta":{"footnotes":""},"categories":[107,94],"tags":[],"class_list":["post-17841","post","type-post","status-publish","format-standard","has-post-thumbnail","hentry","category-destacado","category-notas-noticias"],"_links":{"self":[{"href":"https:\/\/portal.sma.gob.cl\/index.php\/wp-json\/wp\/v2\/posts\/17841","targetHints":{"allow":["GET"]}}],"collection":[{"href":"https:\/\/portal.sma.gob.cl\/index.php\/wp-json\/wp\/v2\/posts"}],"about":[{"href":"https:\/\/portal.sma.gob.cl\/index.php\/wp-json\/wp\/v2\/types\/post"}],"author":[{"embeddable":true,"href":"https:\/\/portal.sma.gob.cl\/index.php\/wp-json\/wp\/v2\/users\/8"}],"replies":[{"embeddable":true,"href":"https:\/\/portal.sma.gob.cl\/index.php\/wp-json\/wp\/v2\/comments?post=17841"}],"version-history":[{"count":4,"href":"https:\/\/portal.sma.gob.cl\/index.php\/wp-json\/wp\/v2\/posts\/17841\/revisions"}],"predecessor-version":[{"id":17852,"href":"https:\/\/portal.sma.gob.cl\/index.php\/wp-json\/wp\/v2\/posts\/17841\/revisions\/17852"}],"wp:featuredmedia":[{"embeddable":true,"href":"https:\/\/portal.sma.gob.cl\/index.php\/wp-json\/wp\/v2\/media\/17851"}],"wp:attachment":[{"href":"https:\/\/portal.sma.gob.cl\/index.php\/wp-json\/wp\/v2\/media?parent=17841"}],"wp:term":[{"taxonomy":"category","embeddable":true,"href":"https:\/\/portal.sma.gob.cl\/index.php\/wp-json\/wp\/v2\/categories?post=17841"},{"taxonomy":"post_tag","embeddable":true,"href":"https:\/\/portal.sma.gob.cl\/index.php\/wp-json\/wp\/v2\/tags?post=17841"}],"curies":[{"name":"wp","href":"https:\/\/api.w.org\/{rel}","templated":true}]}}