{"id":17853,"date":"2019-03-14T14:37:59","date_gmt":"2019-03-14T14:37:59","guid":{"rendered":"https:\/\/portal.sma.gob.cl\/?p=17853"},"modified":"2019-03-20T15:48:57","modified_gmt":"2019-03-20T15:48:57","slug":"sma-publica-en-el-diario-oficial-protocolo-tecnico-para-la-medicion-de-ruido-de-buses-de-la-locomocion-colectiva","status":"publish","type":"post","link":"https:\/\/portal.sma.gob.cl\/index.php\/sma-publica-en-el-diario-oficial-protocolo-tecnico-para-la-medicion-de-ruido-de-buses-de-la-locomocion-colectiva\/","title":{"rendered":"SMA publica en el Diario Oficial protocolo t\u00e9cnico para la medici\u00f3n de ruido de buses de la locomoci\u00f3n colectiva"},"content":{"rendered":"<p><strong>Santiago, 14 de marzo de 2019.<\/strong> Luego de un trabajo efectuado en conjunto con el Ministerio del Medio Ambiente (MMA) y el Ministerio de Transporte y Telecomunicaciones (MINTRATEL), la Superintendencia del Medio Ambiente (SMA) public\u00f3 el d\u00eda 12 de marzo del presente a\u00f1o en el Diario Oficial el protocolo, mediante el cual, se certificar\u00e1 el ruido de los buses nuevos y actualmente en servicio de la locomoci\u00f3n colectiva urbana de todo el pa\u00eds y rural, en el caso de la Regi\u00f3n Metropolitana.<\/p>\n<p>El documento t\u00e9cnico, aprobado por Resoluci\u00f3n Exenta de la SMA N\u00ba 313 del 2019, ser\u00e1 empleado por el Centro de Control y Certificaci\u00f3n Vehicular del Ministerio de Transporte y Telecomunicaciones (3CV), para aquellos buses que ingresan por primera vez al parque vehicular, as\u00ed como por las Plantas de Revisi\u00f3n T\u00e9cnica, para la verificaci\u00f3n del cumplimiento de los l\u00edmites de la Norma de Emisi\u00f3n, durante toda la vida \u00fatil del bus. Adicionalmente, el protocolo deber\u00e1 ser aplicado en los controles efectuados en la v\u00eda p\u00fablica.<\/p>\n<p><strong>Antecedentes.<\/strong><br \/>\nA trav\u00e9s del Decreto Supremo N\u00b0 129 del a\u00f1o 2002 del Ministerio de Transporte y Telecomunicaciones (MINTRATEL), se estableci\u00f3 la Norma de Emisi\u00f3n de Ruido para Buses de Locomoci\u00f3n Colectiva Urbana y Rural, la que fue modificada por el D.S. N\u00ba 38 del 2007 MINTRATEL, y por el D.S. N\u00ba 29 del 2016 MMA para reducir los l\u00edmites aplicables a dichas fuentes, dado el gran aporte que estas tienen sobre el ruido ambiental de las ciudades por las que circulan.<\/p>\n<p>El ruido de los buses deber\u00e1 ser medido en dos condiciones de operaci\u00f3n del bus y para los cuales se han determinado los pasos a seguir para obtener los niveles de presi\u00f3n sonora emitidos por el bus. En el caso del ensayo din\u00e1mico, que es aquel que se efect\u00faa con el bus en movimiento, se deber\u00e1 medir el nivel de presi\u00f3n sonora del paso del bus por una pista estandarizada y del interior de este. Este ensayo se efect\u00faa s\u00f3lo en el 3CV, con anterioridad a la solicitud de la primera inscripci\u00f3n al Registro Nacional de Veh\u00edculo Motorizados.<\/p>\n<p>Por su parte, el ensayo estacionario, que es efectuado con el bus detenido y acelerando el motor de este desde la posici\u00f3n de ralent\u00ed, se deber\u00e1 medir los niveles de presi\u00f3n sonora del escape de gases del bus, desde el interior de este y de su motor. Este \u00faltimo ensayo, ser\u00e1 efectuado en las tres instancias de certificaci\u00f3n, es decir, en el 3CV, en las Plantas de Revisi\u00f3n T\u00e9cnica y en los controles en v\u00eda p\u00fablica.<\/p>\n<p>La locomoci\u00f3n colectiva, que si bien representan el 1% del total de veh\u00edculos motorizados presentes en el pa\u00eds, se estima que su aporte es de aproximadamente 3 dB en promedio sobre el ruido existente en la v\u00eda por la cual transita, lo que significa el doble de la energ\u00eda sonora. Por esto, con la aplicaci\u00f3n de los nuevos l\u00edmites de la norma y de la certificaci\u00f3n en estas tres instancias, se busca controlar y reducir los niveles, para as\u00ed mejorar la calidad de vida de las personas que habitan las ciudades y sectores rurales de la regi\u00f3n metropolitana.<\/p>\n<p>El documento completo puede ser consultado a trav\u00e9s de la publicaci\u00f3n en el Diario Oficial ingresando al siguiente <a href=\"http:\/\/www.diariooficial.interior.gob.cl\/publicaciones\/2019\/03\/12\/42302\/01\/1556478.pdf\">link<\/a><\/p>\n","protected":false},"excerpt":{"rendered":"<p>Santiago, 14 de marzo de 2019. Luego de un trabajo efectuado en conjunto con el Ministerio del Medio Ambiente (MMA) y el Ministerio de Transporte y Telecomunicaciones (MINTRATEL), la Superintendencia del Medio Ambiente (SMA) public\u00f3 el d\u00eda 12 de marzo del presente a\u00f1o en el Diario Oficial el protocolo, mediante el cual, se certificar\u00e1 el ruido <a href=\"https:\/\/portal.sma.gob.cl\/index.php\/sma-publica-en-el-diario-oficial-protocolo-tecnico-para-la-medicion-de-ruido-de-buses-de-la-locomocion-colectiva\/\">Leer m\u00e1s<\/a><\/p>\n","protected":false},"author":8,"featured_media":17866,"comment_status":"open","ping_status":"open","sticky":false,"template":"","format":"standard","meta":{"footnotes":""},"categories":[107,94],"tags":[],"class_list":["post-17853","post","type-post","status-publish","format-standard","has-post-thumbnail","hentry","category-destacado","category-notas-noticias"],"_links":{"self":[{"href":"https:\/\/portal.sma.gob.cl\/index.php\/wp-json\/wp\/v2\/posts\/17853","targetHints":{"allow":["GET"]}}],"collection":[{"href":"https:\/\/portal.sma.gob.cl\/index.php\/wp-json\/wp\/v2\/posts"}],"about":[{"href":"https:\/\/portal.sma.gob.cl\/index.php\/wp-json\/wp\/v2\/types\/post"}],"author":[{"embeddable":true,"href":"https:\/\/portal.sma.gob.cl\/index.php\/wp-json\/wp\/v2\/users\/8"}],"replies":[{"embeddable":true,"href":"https:\/\/portal.sma.gob.cl\/index.php\/wp-json\/wp\/v2\/comments?post=17853"}],"version-history":[{"count":3,"href":"https:\/\/portal.sma.gob.cl\/index.php\/wp-json\/wp\/v2\/posts\/17853\/revisions"}],"predecessor-version":[{"id":17857,"href":"https:\/\/portal.sma.gob.cl\/index.php\/wp-json\/wp\/v2\/posts\/17853\/revisions\/17857"}],"wp:featuredmedia":[{"embeddable":true,"href":"https:\/\/portal.sma.gob.cl\/index.php\/wp-json\/wp\/v2\/media\/17866"}],"wp:attachment":[{"href":"https:\/\/portal.sma.gob.cl\/index.php\/wp-json\/wp\/v2\/media?parent=17853"}],"wp:term":[{"taxonomy":"category","embeddable":true,"href":"https:\/\/portal.sma.gob.cl\/index.php\/wp-json\/wp\/v2\/categories?post=17853"},{"taxonomy":"post_tag","embeddable":true,"href":"https:\/\/portal.sma.gob.cl\/index.php\/wp-json\/wp\/v2\/tags?post=17853"}],"curies":[{"name":"wp","href":"https:\/\/api.w.org\/{rel}","templated":true}]}}