{"id":17867,"date":"2019-03-21T14:58:25","date_gmt":"2019-03-21T14:58:25","guid":{"rendered":"https:\/\/portal.sma.gob.cl\/?p=17867"},"modified":"2019-03-21T17:31:54","modified_gmt":"2019-03-21T17:31:54","slug":"sma-ordena-medidas-provisionales-en-contra-de-pub-de-carahue","status":"publish","type":"post","link":"https:\/\/portal.sma.gob.cl\/index.php\/sma-ordena-medidas-provisionales-en-contra-de-pub-de-carahue\/","title":{"rendered":"SMA ordena Medidas Provisionales en contra de pub de Carahue"},"content":{"rendered":"<p><strong>Tras la fiscalizaci\u00f3n realizada al Pub Jonas la SMA determin\u00f3 que el recinto super\u00f3 los decibles de ruido permitidos, provocando un inminente riesgo para la salud de los vecinos que habitan dicha zona.<\/strong><\/p>\n<p><strong>Temuco, 21 de marzo de 2019.<\/strong> La Superintendencia del Medio Ambiente (SMA) orden\u00f3 Medidas Provisionales en contra del Pub Jonas ubicado en Pedro de Valdivia de la ciudad de Carahue, Regi\u00f3n de la Araucan\u00eda por superar los decibeles permitidos para la Zona II y que est\u00e1n establecidos en el D.S. N\u00b0 38\/2011 del Ministerio del Medio Ambiente.<\/p>\n<p>Las medidas provisionales se sustentan luego que la SMA recibiera diversas denuncias ciudadanas. A partir de ellas se realizaron mediciones a dicho recinto, y se constat\u00f3 que el Pub Jonas superaba los niveles permitidos por la referida norma.<\/p>\n<p>Tras analizar todos los antecedentes recabados, se ordenaron las siguientes medidas provisionales para el recinto:<br \/>\n1. Detenci\u00f3n total del Pubs Jonas por un plazo de 15 d\u00edas h\u00e1biles desde su notificaci\u00f3n.<br \/>\n2. Implementar mejoras en las condiciones de aislaci\u00f3n ac\u00fastica de la instalaci\u00f3n y acondicionar a los equipos que constituyen las fuentes generadoras de ruido, de conformidad con lo dispuesto en la letra a) del art\u00edculo 48 de la LOSMA.<br \/>\n3. Elaborar un informe t\u00e9cnico de diagn\u00f3stico de problemas ac\u00fasticos.<br \/>\n4. Una vez finalizada la medida n\u00famero uno, al reanudar el funcionamiento el Pub Jonas, deber\u00e1 realizar mediciones ac\u00fasticas de verificaci\u00f3n al cumplimiento del D.S. N\u00b0 38\/2011 del Ministerio del Medio Ambiente, con una Entidad T\u00e9cnica de Fiscalizaci\u00f3n Ambiental (ETFA) los d\u00edas viernes o s\u00e1bado entre las 23 horas y las 05 horas, en los domicilios de receptores m\u00e1s cercanos al local o en el lugar m\u00e1s pr\u00f3ximo a estos.<\/p>\n<p>La SMA continuar\u00e1 realizando actividades de fiscalizaciones para verificar el cumplimiento del D.S. N\u00b0 38\/2011 del Ministerio del Medio Ambiente a los locales del sector y del resto del pa\u00eds.<\/p>\n<p>El expediente de la referida medida es p\u00fablico y puede ser consultado desde nuestro Sistema Nacional de Informaci\u00f3n de Fiscalizaci\u00f3n Ambiental (SNIFA), disponible desde el siguiente link: <a href=\"http:\/\/snifa.sma.gob.cl\/v2\">http:\/\/snifa.sma.gob.cl\/v2<\/a><\/p>\n","protected":false},"excerpt":{"rendered":"<p>Tras la fiscalizaci\u00f3n realizada al Pub Jonas la SMA determin\u00f3 que el recinto super\u00f3 los decibles de ruido permitidos, provocando un inminente riesgo para la salud de los vecinos que habitan dicha zona. Temuco, 21 de marzo de 2019. La Superintendencia del Medio Ambiente (SMA) orden\u00f3 Medidas Provisionales en contra del Pub Jonas ubicado en Pedro <a href=\"https:\/\/portal.sma.gob.cl\/index.php\/sma-ordena-medidas-provisionales-en-contra-de-pub-de-carahue\/\">Leer m\u00e1s<\/a><\/p>\n","protected":false},"author":8,"featured_media":17870,"comment_status":"open","ping_status":"open","sticky":false,"template":"","format":"standard","meta":{"footnotes":""},"categories":[107,94],"tags":[],"class_list":["post-17867","post","type-post","status-publish","format-standard","has-post-thumbnail","hentry","category-destacado","category-notas-noticias"],"_links":{"self":[{"href":"https:\/\/portal.sma.gob.cl\/index.php\/wp-json\/wp\/v2\/posts\/17867","targetHints":{"allow":["GET"]}}],"collection":[{"href":"https:\/\/portal.sma.gob.cl\/index.php\/wp-json\/wp\/v2\/posts"}],"about":[{"href":"https:\/\/portal.sma.gob.cl\/index.php\/wp-json\/wp\/v2\/types\/post"}],"author":[{"embeddable":true,"href":"https:\/\/portal.sma.gob.cl\/index.php\/wp-json\/wp\/v2\/users\/8"}],"replies":[{"embeddable":true,"href":"https:\/\/portal.sma.gob.cl\/index.php\/wp-json\/wp\/v2\/comments?post=17867"}],"version-history":[{"count":5,"href":"https:\/\/portal.sma.gob.cl\/index.php\/wp-json\/wp\/v2\/posts\/17867\/revisions"}],"predecessor-version":[{"id":17874,"href":"https:\/\/portal.sma.gob.cl\/index.php\/wp-json\/wp\/v2\/posts\/17867\/revisions\/17874"}],"wp:featuredmedia":[{"embeddable":true,"href":"https:\/\/portal.sma.gob.cl\/index.php\/wp-json\/wp\/v2\/media\/17870"}],"wp:attachment":[{"href":"https:\/\/portal.sma.gob.cl\/index.php\/wp-json\/wp\/v2\/media?parent=17867"}],"wp:term":[{"taxonomy":"category","embeddable":true,"href":"https:\/\/portal.sma.gob.cl\/index.php\/wp-json\/wp\/v2\/categories?post=17867"},{"taxonomy":"post_tag","embeddable":true,"href":"https:\/\/portal.sma.gob.cl\/index.php\/wp-json\/wp\/v2\/tags?post=17867"}],"curies":[{"name":"wp","href":"https:\/\/api.w.org\/{rel}","templated":true}]}}