{"id":17911,"date":"2019-04-01T18:42:03","date_gmt":"2019-04-01T18:42:03","guid":{"rendered":"https:\/\/portal.sma.gob.cl\/?p=17911"},"modified":"2019-04-01T18:42:03","modified_gmt":"2019-04-01T18:42:03","slug":"sma-anuncia-delegacion-exclusiva-de-fiscalizadores-para-las-comunas-de-concon-quintero-y-puchuncavi","status":"publish","type":"post","link":"https:\/\/portal.sma.gob.cl\/index.php\/sma-anuncia-delegacion-exclusiva-de-fiscalizadores-para-las-comunas-de-concon-quintero-y-puchuncavi\/","title":{"rendered":"SMA anuncia delegaci\u00f3n exclusiva de fiscalizadores para  las comunas de Conc\u00f3n, Quintero y Puchuncav\u00ed"},"content":{"rendered":"<p><strong>Profesionales tendr\u00e1n el rol de fiscalizar el nuevo Plan de Prevenci\u00f3n y Descontaminaci\u00f3n Atmosf\u00e9rica aprobado para dichas comunas, y cuyo rol estar\u00e1 centrado en el desarrollo de actividades de seguimiento, evaluaci\u00f3n innovadora y una oportuna verificaci\u00f3n de cumplimiento.<\/strong><\/p>\n<p><strong>Valpara\u00edso 01 de abril de 2019.-<\/strong> En el contexto de la entrada en vigencia del nuevo Plan de Prevenci\u00f3n y Descontaminaci\u00f3n Atmosf\u00e9rica (PPDA) para las comunas de Conc\u00f3n, Quintero y Puchuncav\u00ed publicado este s\u00e1bado 30 de marzo en el Diario Oficial, la Superintendencia del Medio Ambiente (SMA) anunci\u00f3 esta ma\u00f1ana en una actividad realizada en la Intendencia de la Regi\u00f3n de Valpara\u00edso, que a partir de este mes contar\u00e1 con una delegaci\u00f3n exclusiva y permanente en esta zona, conformada por dos profesionales quienes tendr\u00e1n el rol de fiscalizar dicho plan, centrado en el desarrollo de actividades de seguimiento, evaluaci\u00f3n innovadora y una oportuna verificaci\u00f3n de cumplimiento del PPDA.<\/p>\n<p>Esta delegaci\u00f3n forma parte de la Estrategia Territorial de la SMA para este a\u00f1o, orientada principalmente a relevar el \u00e9nfasis territorial,\u00a0implementando un modelo de fiscalizaci\u00f3n que integra territorialmente las distintas unidades fiscalizables encontradas en cada zona y sus distintos instrumentos de car\u00e1cter ambiental, as\u00ed como los espacios de promoci\u00f3n al cumplimiento y acercamiento a la comunidad.<\/p>\n<p>Rub\u00e9n Verdugo, Superintendente del Medio Ambiente (S) explic\u00f3 que <em><strong>\u201cse consider\u00f3 la instalaci\u00f3n de una delegaci\u00f3n de la Superintendencia, que va a sumar dos fiscalizadores y quienes estar\u00e1n \u00fanica y exclusivamente dedicados a la fiscalizaci\u00f3n del plan con la finalidad de tener una mayor cercan\u00eda con este instrumento en particular, y generar de ese modo, una acci\u00f3n m\u00e1s oportuna. Este equipo estar\u00e1 instalado en las dependencias de la oficina de SERNAPESCA de la comuna de Quintero, entidad que nos facilit\u00f3 un espacio y que a partir de este mi\u00e9rcoles se sumar\u00e1 nuestro primer fiscalizador en el lugar\u201d.<\/strong><\/em><\/p>\n<p>Al respecto, la ministra del Medio Ambiente, Carolina Schimdt enfatiz\u00f3 que: <em><strong>\u201cEn el mismo plan queda establecido con la fuerza de la norma, una delegaci\u00f3n de la Superintendencia del Medio Ambiente con funcionarios que est\u00e9n especializados solamente en la fiscalizaci\u00f3n del cumplimiento del plan, garantiz\u00e1ndole as\u00ed a las familias de Quintero, Conc\u00f3n y Puchuncav\u00ed que se d\u00e9 pleno cumplimiento a todas las variables establecidas\u201d<\/strong><\/em>, indic\u00f3 la secretaria de Estado.<\/p>\n<p><a href=\"https:\/\/portal.sma.gob.cl\/wp-content\/uploads\/2019\/04\/ministra.jpeg\"><img decoding=\"async\" class=\"alignnone wp-image-17915\" src=\"https:\/\/portal.sma.gob.cl\/wp-content\/uploads\/2019\/04\/ministra-1024x681.jpeg\" alt=\"\" width=\"858\" height=\"577\" srcset=\"https:\/\/portal.sma.gob.cl\/wp-content\/uploads\/2019\/04\/ministra-200x133.jpeg 200w, https:\/\/portal.sma.gob.cl\/wp-content\/uploads\/2019\/04\/ministra.jpeg 1280w\" sizes=\"(max-width: 858px) 100vw, 858px\" \/><\/a><\/p>\n<p>Los fiscalizadores contar\u00e1n con el apoyo de los profesionales de la Oficina Regional de Valpara\u00edso, as\u00ed como tambi\u00e9n, del equipo central de la Superintendencia.<\/p>\n<p>La delegaci\u00f3n de la SMA estar\u00e1 ubicada al interior de las dependencias del Servicio Nacional de Pesca y Acuicultura (SERNAPESCA) ubicada en la Avenida Francia #1373, comuna de Quintero, Regi\u00f3n de Valpara\u00edso.<\/p>\n<p>Para conocer en m\u00e1s detalle el nuevo Plan de Prevenci\u00f3n y Descontaminaci\u00f3n Atmosf\u00e9rica para las comunas de Conc\u00f3n, Quintero y Puchuncav\u00ed <a href=\"http:\/\/www.diariooficial.interior.gob.cl\/publicaciones\/2019\/03\/30\/42318\/01\/1569651.pdf\" target=\"_blank\" rel=\"noopener noreferrer\">ingresar al siguiente link<\/a><\/p>\n","protected":false},"excerpt":{"rendered":"<p>Profesionales tendr\u00e1n el rol de fiscalizar el nuevo Plan de Prevenci\u00f3n y Descontaminaci\u00f3n Atmosf\u00e9rica aprobado para dichas comunas, y cuyo rol estar\u00e1 centrado en el desarrollo de actividades de seguimiento, evaluaci\u00f3n innovadora y una oportuna verificaci\u00f3n de cumplimiento. Valpara\u00edso 01 de abril de 2019.- En el contexto de la entrada en vigencia del nuevo Plan de <a href=\"https:\/\/portal.sma.gob.cl\/index.php\/sma-anuncia-delegacion-exclusiva-de-fiscalizadores-para-las-comunas-de-concon-quintero-y-puchuncavi\/\">Leer m\u00e1s<\/a><\/p>\n","protected":false},"author":3,"featured_media":17914,"comment_status":"open","ping_status":"open","sticky":false,"template":"","format":"standard","meta":{"footnotes":""},"categories":[90,107],"tags":[],"class_list":["post-17911","post","type-post","status-publish","format-standard","has-post-thumbnail","hentry","category-comunicados-noticias","category-destacado"],"_links":{"self":[{"href":"https:\/\/portal.sma.gob.cl\/index.php\/wp-json\/wp\/v2\/posts\/17911","targetHints":{"allow":["GET"]}}],"collection":[{"href":"https:\/\/portal.sma.gob.cl\/index.php\/wp-json\/wp\/v2\/posts"}],"about":[{"href":"https:\/\/portal.sma.gob.cl\/index.php\/wp-json\/wp\/v2\/types\/post"}],"author":[{"embeddable":true,"href":"https:\/\/portal.sma.gob.cl\/index.php\/wp-json\/wp\/v2\/users\/3"}],"replies":[{"embeddable":true,"href":"https:\/\/portal.sma.gob.cl\/index.php\/wp-json\/wp\/v2\/comments?post=17911"}],"version-history":[{"count":3,"href":"https:\/\/portal.sma.gob.cl\/index.php\/wp-json\/wp\/v2\/posts\/17911\/revisions"}],"predecessor-version":[{"id":17916,"href":"https:\/\/portal.sma.gob.cl\/index.php\/wp-json\/wp\/v2\/posts\/17911\/revisions\/17916"}],"wp:featuredmedia":[{"embeddable":true,"href":"https:\/\/portal.sma.gob.cl\/index.php\/wp-json\/wp\/v2\/media\/17914"}],"wp:attachment":[{"href":"https:\/\/portal.sma.gob.cl\/index.php\/wp-json\/wp\/v2\/media?parent=17911"}],"wp:term":[{"taxonomy":"category","embeddable":true,"href":"https:\/\/portal.sma.gob.cl\/index.php\/wp-json\/wp\/v2\/categories?post=17911"},{"taxonomy":"post_tag","embeddable":true,"href":"https:\/\/portal.sma.gob.cl\/index.php\/wp-json\/wp\/v2\/tags?post=17911"}],"curies":[{"name":"wp","href":"https:\/\/api.w.org\/{rel}","templated":true}]}}