{"id":17933,"date":"2019-04-05T12:58:46","date_gmt":"2019-04-05T12:58:46","guid":{"rendered":"https:\/\/portal.sma.gob.cl\/?p=17933"},"modified":"2019-04-05T13:09:49","modified_gmt":"2019-04-05T13:09:49","slug":"sma-firma-convenio-de-colaboracion-en-la-region-de-la-araucania","status":"publish","type":"post","link":"https:\/\/portal.sma.gob.cl\/index.php\/sma-firma-convenio-de-colaboracion-en-la-region-de-la-araucania\/","title":{"rendered":"SMA firma Convenio de Colaboraci\u00f3n en la regi\u00f3n de La Araucan\u00eda"},"content":{"rendered":"<p><strong>Acuerdo permitir\u00e1 reforzar las actividades de monitoreo del Lago Villarrica dentro de la Norma Secundaria de Calidad Ambiental.<\/strong><\/p>\n<p><strong>Puc\u00f3n, 05 de abril de 2019.<\/strong> El Subsecretario del Medio Ambiente, Felipe Riesco, junto al Subsecretario de las Fuerzas Armadas, Juan Francisco Galli y el Jefe Regional SMA de la Araucan\u00eda, Luis Mu\u00f1oz firmaron el d\u00eda 03 de abril en la comuna de Puc\u00f3n un Convenio de Colaboraci\u00f3n, y que tiene por objeto, regular los t\u00e9rminos y condiciones de la colaboraci\u00f3n rec\u00edproca entre las Subsecretarias con el prop\u00f3sito de asistir con los medios humanos y t\u00e9cnicos que la Direcci\u00f3n General del Territorio Mar\u00edtimo y de Marina Mercante (DIRECTEMAR) dispone al efecto para realizar los respectivos monitoreos.<\/p>\n<p>La actividad cont\u00f3 con la presencia del alcalde de la Comuna de Puc\u00f3n, Carlos Barra; el seremi del Medio Ambiente de la Araucan\u00eda, Anselmo Rapim\u00e1n; y profesionales del Departamento de Aseo, Ornato y Medio Ambiente (DAOMA) de la Ilustre Municipalidad de Puc\u00f3n y de la Seremi del Medio Ambiente.<\/p>\n<p><img decoding=\"async\" class=\"alignnone wp-image-17937 size-large\" src=\"https:\/\/portal.sma.gob.cl\/wp-content\/uploads\/2019\/04\/firma-1024x596.jpeg\" alt=\"\" width=\"1024\" height=\"596\" srcset=\"https:\/\/portal.sma.gob.cl\/wp-content\/uploads\/2019\/04\/firma-200x116.jpeg 200w, https:\/\/portal.sma.gob.cl\/wp-content\/uploads\/2019\/04\/firma-300x175.jpeg 300w, https:\/\/portal.sma.gob.cl\/wp-content\/uploads\/2019\/04\/firma-400x233.jpeg 400w, https:\/\/portal.sma.gob.cl\/wp-content\/uploads\/2019\/04\/firma-600x349.jpeg 600w, https:\/\/portal.sma.gob.cl\/wp-content\/uploads\/2019\/04\/firma-768x447.jpeg 768w, https:\/\/portal.sma.gob.cl\/wp-content\/uploads\/2019\/04\/firma-800x465.jpeg 800w, https:\/\/portal.sma.gob.cl\/wp-content\/uploads\/2019\/04\/firma-1024x596.jpeg 1024w, https:\/\/portal.sma.gob.cl\/wp-content\/uploads\/2019\/04\/firma.jpeg 1100w\" sizes=\"(max-width: 1024px) 100vw, 1024px\" \/><\/p>\n<p>Dentro de las actividades que el acuerdo establece para la Superintendencia del Medio Ambiente, destaca actualizar el Programa de Medici\u00f3n y Control de la Calidad Ambiental (PMCCA) para las Normas Secundarias de Calidad Ambiental para la protecci\u00f3n de las aguas continentales superficiales del Lago Villarrica.<\/p>\n<p>Este convenio permitir\u00e1 tambi\u00e9n aumentar la frecuencia de monitoreo del Lago Villarrica, de manera de contar con una mayor cantidad de antecedentes, al momento de elaborar el Anteproyecto del Plan de descontaminaci\u00f3n del cuerpo.<\/p>\n","protected":false},"excerpt":{"rendered":"<p>Acuerdo permitir\u00e1 reforzar las actividades de monitoreo del Lago Villarrica dentro de la Norma Secundaria de Calidad Ambiental. Puc\u00f3n, 05 de abril de 2019. El Subsecretario del Medio Ambiente, Felipe Riesco, junto al Subsecretario de las Fuerzas Armadas, Juan Francisco Galli y el Jefe Regional SMA de la Araucan\u00eda, Luis Mu\u00f1oz firmaron el d\u00eda 03 de <a href=\"https:\/\/portal.sma.gob.cl\/index.php\/sma-firma-convenio-de-colaboracion-en-la-region-de-la-araucania\/\">Leer m\u00e1s<\/a><\/p>\n","protected":false},"author":8,"featured_media":17935,"comment_status":"open","ping_status":"open","sticky":false,"template":"","format":"standard","meta":{"footnotes":""},"categories":[107,94],"tags":[],"class_list":["post-17933","post","type-post","status-publish","format-standard","has-post-thumbnail","hentry","category-destacado","category-notas-noticias"],"_links":{"self":[{"href":"https:\/\/portal.sma.gob.cl\/index.php\/wp-json\/wp\/v2\/posts\/17933","targetHints":{"allow":["GET"]}}],"collection":[{"href":"https:\/\/portal.sma.gob.cl\/index.php\/wp-json\/wp\/v2\/posts"}],"about":[{"href":"https:\/\/portal.sma.gob.cl\/index.php\/wp-json\/wp\/v2\/types\/post"}],"author":[{"embeddable":true,"href":"https:\/\/portal.sma.gob.cl\/index.php\/wp-json\/wp\/v2\/users\/8"}],"replies":[{"embeddable":true,"href":"https:\/\/portal.sma.gob.cl\/index.php\/wp-json\/wp\/v2\/comments?post=17933"}],"version-history":[{"count":4,"href":"https:\/\/portal.sma.gob.cl\/index.php\/wp-json\/wp\/v2\/posts\/17933\/revisions"}],"predecessor-version":[{"id":17940,"href":"https:\/\/portal.sma.gob.cl\/index.php\/wp-json\/wp\/v2\/posts\/17933\/revisions\/17940"}],"wp:featuredmedia":[{"embeddable":true,"href":"https:\/\/portal.sma.gob.cl\/index.php\/wp-json\/wp\/v2\/media\/17935"}],"wp:attachment":[{"href":"https:\/\/portal.sma.gob.cl\/index.php\/wp-json\/wp\/v2\/media?parent=17933"}],"wp:term":[{"taxonomy":"category","embeddable":true,"href":"https:\/\/portal.sma.gob.cl\/index.php\/wp-json\/wp\/v2\/categories?post=17933"},{"taxonomy":"post_tag","embeddable":true,"href":"https:\/\/portal.sma.gob.cl\/index.php\/wp-json\/wp\/v2\/tags?post=17933"}],"curies":[{"name":"wp","href":"https:\/\/api.w.org\/{rel}","templated":true}]}}