{"id":17963,"date":"2019-04-10T20:54:06","date_gmt":"2019-04-10T20:54:06","guid":{"rendered":"https:\/\/portal.sma.gob.cl\/?p=17963"},"modified":"2019-04-10T20:54:06","modified_gmt":"2019-04-10T20:54:06","slug":"superintendente-participo-en-paraguay-del-primer-foro-internacional-de-legislacion-y-justicia-ambiental","status":"publish","type":"post","link":"https:\/\/portal.sma.gob.cl\/index.php\/superintendente-participo-en-paraguay-del-primer-foro-internacional-de-legislacion-y-justicia-ambiental\/","title":{"rendered":"Superintendente particip\u00f3 en Paraguay del Primer Foro Internacional de Legislaci\u00f3n y Justicia Ambiental"},"content":{"rendered":"<p><strong>La actividad tuvo como objetivo compartir experiencias internacionales en materia de Legislaci\u00f3n y Justicia Ambiental, que han contribuido de manera positiva en la administraci\u00f3n p\u00fablica, el acceso a la justicia y a la conservaci\u00f3n del ambiente en dicha naci\u00f3n.<\/strong><\/p>\n<p><strong>Santiago, 10 de abril de 2019.-<\/strong> El Superintendente del Medio Ambiente (S), Rub\u00e9n Verdugo fue uno de los expositores del Primer Foro Internacional de Legislaci\u00f3n y Justicia Ambiental para un Desarrollo Sostenible, organizado a trav\u00e9s del Programa Paraguay Biodiversidad de la ITAIPU Binacional, y que se realiz\u00f3 entre el 6 y 7 de marzo en el Hotel Crown Plaza ubicado en el casco antiguo de la ciudad de Asunci\u00f3n, Paraguay.<\/p>\n<p>La actividad tuvo como finalidad ser una plataforma para discutir algunos de los desaf\u00edos actuales y las oportunidades que tiene Paraguay para mejorar su legislaci\u00f3n en la protecci\u00f3n de su capital natural (como los bosques) y el acceso a la Justicia Ambiental.<\/p>\n<p>En la instancia, el Superintendente del Medio Ambiente se refiri\u00f3 a la experiencia de la institucionalidad ambiental chilena, y en particular, al rol que cumple la SMA en el pa\u00eds, y adem\u00e1s relev\u00f3 que \u201ccuando visualizamos la fiscalizaci\u00f3n de un proyecto, lo que nosotros tenemos que hacer es mirar el proyecto en su globalidad, significa eso que no s\u00f3lo debemos considerar sus permisos, su historial, sino que adem\u00e1s debemos considerar sus denuncias y c\u00f3mo se mezclan entre ellas las distintas licencias que este proyecto tiene, pensando fuertemente en realizar una fiscalizaci\u00f3n ambiental estrat\u00e9gica. Y fiscalizamos aquellos elementos que habiendo o pudiendo estar en una condici\u00f3n potencial de incumplimiento, pudiese generar una condici\u00f3n de riesgo o afectaci\u00f3n al entorno o a la comunidad\u201d, explic\u00f3 la autoridad.<\/p>\n<p>El evento fue organizado por ITAIPU Binacional con el apoyo del Ministerio de Ambiente y Desarrollo Sostenible de Paraguay, Instituto Forestal Nacional, la Corte Suprema de Justicia, el Ministerio P\u00fablico de dicha naci\u00f3n y el Banco Mundial.<\/p>\n<p>Para revisar todas las exposiciones de la actividad ingresar al siguiente <a href=\"https:\/\/www.youtube.com\/channel\/UCu-5xyRq1BJj8pF6mwg1aIg\/videos\">link<\/a><\/p>\n","protected":false},"excerpt":{"rendered":"<p>La actividad tuvo como objetivo compartir experiencias internacionales en materia de Legislaci\u00f3n y Justicia Ambiental, que han contribuido de manera positiva en la administraci\u00f3n p\u00fablica, el acceso a la justicia y a la conservaci\u00f3n del ambiente en dicha naci\u00f3n. Santiago, 10 de abril de 2019.- El Superintendente del Medio Ambiente (S), Rub\u00e9n Verdugo fue uno de <a href=\"https:\/\/portal.sma.gob.cl\/index.php\/superintendente-participo-en-paraguay-del-primer-foro-internacional-de-legislacion-y-justicia-ambiental\/\">Leer m\u00e1s<\/a><\/p>\n","protected":false},"author":8,"featured_media":17965,"comment_status":"open","ping_status":"open","sticky":false,"template":"","format":"standard","meta":{"footnotes":""},"categories":[107,94],"tags":[],"class_list":["post-17963","post","type-post","status-publish","format-standard","has-post-thumbnail","hentry","category-destacado","category-notas-noticias"],"_links":{"self":[{"href":"https:\/\/portal.sma.gob.cl\/index.php\/wp-json\/wp\/v2\/posts\/17963","targetHints":{"allow":["GET"]}}],"collection":[{"href":"https:\/\/portal.sma.gob.cl\/index.php\/wp-json\/wp\/v2\/posts"}],"about":[{"href":"https:\/\/portal.sma.gob.cl\/index.php\/wp-json\/wp\/v2\/types\/post"}],"author":[{"embeddable":true,"href":"https:\/\/portal.sma.gob.cl\/index.php\/wp-json\/wp\/v2\/users\/8"}],"replies":[{"embeddable":true,"href":"https:\/\/portal.sma.gob.cl\/index.php\/wp-json\/wp\/v2\/comments?post=17963"}],"version-history":[{"count":2,"href":"https:\/\/portal.sma.gob.cl\/index.php\/wp-json\/wp\/v2\/posts\/17963\/revisions"}],"predecessor-version":[{"id":17966,"href":"https:\/\/portal.sma.gob.cl\/index.php\/wp-json\/wp\/v2\/posts\/17963\/revisions\/17966"}],"wp:featuredmedia":[{"embeddable":true,"href":"https:\/\/portal.sma.gob.cl\/index.php\/wp-json\/wp\/v2\/media\/17965"}],"wp:attachment":[{"href":"https:\/\/portal.sma.gob.cl\/index.php\/wp-json\/wp\/v2\/media?parent=17963"}],"wp:term":[{"taxonomy":"category","embeddable":true,"href":"https:\/\/portal.sma.gob.cl\/index.php\/wp-json\/wp\/v2\/categories?post=17963"},{"taxonomy":"post_tag","embeddable":true,"href":"https:\/\/portal.sma.gob.cl\/index.php\/wp-json\/wp\/v2\/tags?post=17963"}],"curies":[{"name":"wp","href":"https:\/\/api.w.org\/{rel}","templated":true}]}}