{"id":18073,"date":"2019-04-12T15:24:01","date_gmt":"2019-04-12T15:24:01","guid":{"rendered":"https:\/\/portal.sma.gob.cl\/?p=18073"},"modified":"2019-04-12T15:43:24","modified_gmt":"2019-04-12T15:43:24","slug":"sma-ordena-medidas-provisionales-al-vertedero-dicham","status":"publish","type":"post","link":"https:\/\/portal.sma.gob.cl\/index.php\/sma-ordena-medidas-provisionales-al-vertedero-dicham\/","title":{"rendered":"SMA ordena Medidas Provisionales al Vertedero Dicham"},"content":{"rendered":"<p><strong>Por superar la superficie establecida en la RCA, mal manejo de sus aguas lluvias y generar l\u00edquidos lixiviados durante la operaci\u00f3n del Vertedero generando impactos en el bosque nativo del sector.<\/strong><\/p>\n<p><strong>Puerto Montt, 12 de abril de 2019.<\/strong> La Superintendencia del Medio Ambiente (SMA) orden\u00f3 Medidas Provisionales al Vertedero Dicham, cuyo titular es el Se\u00f1or Fernando Patricio Hern\u00e1ndez Diaz, y que est\u00e1 ubicado en la Regi\u00f3n de Los Lagos, comuna de Chonchi, sector Dicham. El Vertedero cuenta con las Resoluciones de Calificaci\u00f3n Ambiental (RCA) N\u00b0548\/2007 y RCA N\u00b0436\/2010 para los Proyectos \u201cVertedero Industrial Controlado Dicham\u201d y de \u201cModificaci\u00f3n Vertedero Dicham\u201d respectivamente.<\/p>\n<p>Las medidas se basan en una fiscalizaci\u00f3n realizada por funcionarios de la Oficina Regional de la SMA de Los Lagos al \u201cVertedero Dicham\u201d, quienes corroboraron el incumplimiento de las obras comprometidas en las RCA del proyecto, principalmente por superar la superficie establecidas en dichos permisos ambientales y por generar l\u00edquidos lixiviados durante la operaci\u00f3n del Vertedero generando impactos en el bosque nativo del sector.<\/p>\n<p>Tras las inspecciones realizadas, se dictaminaron las siguientes medidas:<br \/>\n1. Revisar, contener y controlar todas las descargas de los l\u00edquidos lixiviados.<br \/>\n2. Retirar los l\u00edquidos lixiviados mezclados con aguas lluvias que se encuentran en la acumulaci\u00f3n de agua que se forma al oeste del Vertedero. Se deber\u00e1 proceder a su eliminaci\u00f3n definitiva.<br \/>\n3. Presentar en un plazo de 12 d\u00edas h\u00e1biles contados desde la notificaci\u00f3n de la presente Resoluci\u00f3n, una propuesta de Programa de Monitoreo, que comprometa la ejecuci\u00f3n de un plan de mediciones de la calidad de las aguas subterr\u00e1neas para lo cual deber\u00e1n presentar al menos 2 puntos de monitoreos de pozos cercanos, uno de aguas arriba y otro de aguas abajo del Vertedero.<br \/>\n4. Presentar en un plazo de 12 d\u00edas h\u00e1biles un nuevo Plan de Acciones de Control y Prevenci\u00f3n que deber\u00e1 considerar los afloramientos de l\u00edquidos percolados, y la posible contaminaci\u00f3n de aguas subterr\u00e1neas y superficiales, control de vectores, control de olores y riesgos naturales.<br \/>\n5. Elaborar un informe detallado y consolidado respecto de cada una de las medidas establecidas en esta resoluci\u00f3n, el cual deber\u00e1 ser ingresado a las oficinas de la SMA de la Regi\u00f3n de Los Lagos, dentro de un plazo de 14 d\u00edas h\u00e1biles, contados desde la notificaci\u00f3n de la resoluci\u00f3n que las ordene.<\/p>\n<p>As\u00ed mismo, en lo referido a la superficie de emplazamiento del proyecto, la oficina regional ha oficiado a la Autoridad Sanitaria al respecto sobre dicha situaci\u00f3n, en virtud de las competencias sanitarias que posee.<\/p>\n","protected":false},"excerpt":{"rendered":"<p>Por superar la superficie establecida en la RCA, mal manejo de sus aguas lluvias y generar l\u00edquidos lixiviados durante la operaci\u00f3n del Vertedero generando impactos en el bosque nativo del sector. Puerto Montt, 12 de abril de 2019. La Superintendencia del Medio Ambiente (SMA) orden\u00f3 Medidas Provisionales al Vertedero Dicham, cuyo titular es el Se\u00f1or Fernando <a href=\"https:\/\/portal.sma.gob.cl\/index.php\/sma-ordena-medidas-provisionales-al-vertedero-dicham\/\">Leer m\u00e1s<\/a><\/p>\n","protected":false},"author":8,"featured_media":18075,"comment_status":"open","ping_status":"open","sticky":false,"template":"","format":"standard","meta":{"footnotes":""},"categories":[90,107],"tags":[],"class_list":["post-18073","post","type-post","status-publish","format-standard","has-post-thumbnail","hentry","category-comunicados-noticias","category-destacado"],"_links":{"self":[{"href":"https:\/\/portal.sma.gob.cl\/index.php\/wp-json\/wp\/v2\/posts\/18073","targetHints":{"allow":["GET"]}}],"collection":[{"href":"https:\/\/portal.sma.gob.cl\/index.php\/wp-json\/wp\/v2\/posts"}],"about":[{"href":"https:\/\/portal.sma.gob.cl\/index.php\/wp-json\/wp\/v2\/types\/post"}],"author":[{"embeddable":true,"href":"https:\/\/portal.sma.gob.cl\/index.php\/wp-json\/wp\/v2\/users\/8"}],"replies":[{"embeddable":true,"href":"https:\/\/portal.sma.gob.cl\/index.php\/wp-json\/wp\/v2\/comments?post=18073"}],"version-history":[{"count":3,"href":"https:\/\/portal.sma.gob.cl\/index.php\/wp-json\/wp\/v2\/posts\/18073\/revisions"}],"predecessor-version":[{"id":18077,"href":"https:\/\/portal.sma.gob.cl\/index.php\/wp-json\/wp\/v2\/posts\/18073\/revisions\/18077"}],"wp:featuredmedia":[{"embeddable":true,"href":"https:\/\/portal.sma.gob.cl\/index.php\/wp-json\/wp\/v2\/media\/18075"}],"wp:attachment":[{"href":"https:\/\/portal.sma.gob.cl\/index.php\/wp-json\/wp\/v2\/media?parent=18073"}],"wp:term":[{"taxonomy":"category","embeddable":true,"href":"https:\/\/portal.sma.gob.cl\/index.php\/wp-json\/wp\/v2\/categories?post=18073"},{"taxonomy":"post_tag","embeddable":true,"href":"https:\/\/portal.sma.gob.cl\/index.php\/wp-json\/wp\/v2\/tags?post=18073"}],"curies":[{"name":"wp","href":"https:\/\/api.w.org\/{rel}","templated":true}]}}