{"id":18348,"date":"2019-05-02T13:32:17","date_gmt":"2019-05-02T13:32:17","guid":{"rendered":"https:\/\/portal.sma.gob.cl\/?p=18348"},"modified":"2019-05-02T13:32:17","modified_gmt":"2019-05-02T13:32:17","slug":"autoridades-de-la-region-metropolitana-inauguran-gestion-de-episodios-criticos","status":"publish","type":"post","link":"https:\/\/portal.sma.gob.cl\/index.php\/autoridades-de-la-region-metropolitana-inauguran-gestion-de-episodios-criticos\/","title":{"rendered":"Autoridades de la Regi\u00f3n Metropolitana inauguran Gesti\u00f3n de Episodios Cr\u00edticos"},"content":{"rendered":"<p><strong>En el contexto del Plan de Prevenci\u00f3n y Descontaminaci\u00f3n (PPDA) que rige para la Regi\u00f3n.<\/strong><\/p>\n<p><strong>Santiago, 2 de mayo de 2019.<\/strong> En el mirador del Cerro San Crist\u00f3bal, la Intendencia de la Regi\u00f3n Metropolitana inaugur\u00f3 el primero de mayo la entrada en vigencia de la Gesti\u00f3n de Episodios Cr\u00edticos (GEC) que contempla el Plan de Descontaminaci\u00f3n para la regi\u00f3n, actividad que cont\u00f3 con la participaci\u00f3n de los distintos organismos p\u00fablicos que fiscalizan el programa de la GEC.<\/p>\n<p>Al respecto, la Intendenta Regional, Karla Rubilar sostuvo que \u201cestamos trabajando todos juntos en equipo para poder cumplir con lo que es la Gesti\u00f3n de Episodios Cr\u00edticos y el Plan de Descontaminaci\u00f3n de la Regi\u00f3n Metropolitana. Este plan tiene medidas permanentes y medidas que son en Gesti\u00f3n de Episodios Cr\u00edticos que es en este per\u00edodo, y eso obliga a una importante coordinaci\u00f3n por parte de muchos de los estamentos y de muchos de los equipos que est\u00e1n aqu\u00ed presentes. Tiene que ver con un trabajo mancomunado de mucha fiscalizaci\u00f3n, obviamente coordinado por el Ministerio del Medio Ambiente, particularmente por la SEREM\u00cdA del Medio Ambiente; sin embargo, la fiscalizaci\u00f3n est\u00e1 a cargo de la Superintendencia del Medio Ambiente y de varios organismos, que propiamente tal, deben fiscalizar sus \u00e1reas\u201d, sostuvo la autoridad.<\/p>\n<p>Por su parte, el SEREMI del Medio Ambiente, Diego Riveaux enfatiz\u00f3 que \u201cel Plan de Descontaminaci\u00f3n apunta a atacar las fuentes m\u00e1s contaminantes de Santiago, en primer lugar el 38% de la contaminaci\u00f3n proviene de la le\u00f1a intradomiciliaria, en segundo lugar el sector de transporte que aporta un 20% de la contaminaci\u00f3n y en tercer lugar la industria, y por eso el plan lo que hace es establecer medidas estructurales que van durante el a\u00f1o completo, para conseguir que cada uno de estos emisores de contaminantes lo haga en menor medida\u201d, quien adem\u00e1s enfatiz\u00f3 que el Plan de Descontaminaci\u00f3n agrega incentivos a la electromovilidad y a la construcci\u00f3n de ciclov\u00edas, que son noticias muy positivas para los usuarios de medios de transporte amigables con el medio ambiente.<\/p>\n<p>Finalmente, la Jefa de la Oficina Regional de la Superintendencia del Medio Ambiente (SMA), Mar\u00eda Isabel Mallea inform\u00f3 que \u201cen el marco del Plan de Descontaminaci\u00f3n a la SMA le corresponde la coordinaci\u00f3n de la Gesti\u00f3n de Episodios Cr\u00edticos, para lo cual, elabora un plan de fiscalizaci\u00f3n que se construye a partir de las priorizaciones de fiscalizaci\u00f3n de la SEREMI de Salud, de la SEREMI de Transportes y de la Corporaci\u00f3n Nacional Forestal (CONAF); una vez que se recibe esta informaci\u00f3n, la SMA dicta una resoluci\u00f3n, y estos servicios que mencion\u00e9 deben entregar reportes semanales de los avances de sus fiscalizaciones, para que al t\u00e9rmino del GEC, se elabore un informe como resumen de todas las actividades generadas durante este per\u00edodo\u201d.<\/p>\n<p>Cabe recordar, que la Gesti\u00f3n de Episodios Cr\u00edticos rige a partir del primero de mayo y hasta el treinta y uno de agosto de cada a\u00f1o, y cuya resoluci\u00f3n dictada para el presente per\u00edodo, es la n\u00famero 570 con fecha 29 de abril de 2019.<\/p>\n","protected":false},"excerpt":{"rendered":"<p>En el contexto del Plan de Prevenci\u00f3n y Descontaminaci\u00f3n (PPDA) que rige para la Regi\u00f3n. Santiago, 2 de mayo de 2019. En el mirador del Cerro San Crist\u00f3bal, la Intendencia de la Regi\u00f3n Metropolitana inaugur\u00f3 el primero de mayo la entrada en vigencia de la Gesti\u00f3n de Episodios Cr\u00edticos (GEC) que contempla el Plan de Descontaminaci\u00f3n <a href=\"https:\/\/portal.sma.gob.cl\/index.php\/autoridades-de-la-region-metropolitana-inauguran-gestion-de-episodios-criticos\/\">Leer m\u00e1s<\/a><\/p>\n","protected":false},"author":8,"featured_media":18350,"comment_status":"open","ping_status":"open","sticky":false,"template":"","format":"standard","meta":{"footnotes":""},"categories":[107,94],"tags":[],"class_list":["post-18348","post","type-post","status-publish","format-standard","has-post-thumbnail","hentry","category-destacado","category-notas-noticias"],"_links":{"self":[{"href":"https:\/\/portal.sma.gob.cl\/index.php\/wp-json\/wp\/v2\/posts\/18348","targetHints":{"allow":["GET"]}}],"collection":[{"href":"https:\/\/portal.sma.gob.cl\/index.php\/wp-json\/wp\/v2\/posts"}],"about":[{"href":"https:\/\/portal.sma.gob.cl\/index.php\/wp-json\/wp\/v2\/types\/post"}],"author":[{"embeddable":true,"href":"https:\/\/portal.sma.gob.cl\/index.php\/wp-json\/wp\/v2\/users\/8"}],"replies":[{"embeddable":true,"href":"https:\/\/portal.sma.gob.cl\/index.php\/wp-json\/wp\/v2\/comments?post=18348"}],"version-history":[{"count":1,"href":"https:\/\/portal.sma.gob.cl\/index.php\/wp-json\/wp\/v2\/posts\/18348\/revisions"}],"predecessor-version":[{"id":18349,"href":"https:\/\/portal.sma.gob.cl\/index.php\/wp-json\/wp\/v2\/posts\/18348\/revisions\/18349"}],"wp:featuredmedia":[{"embeddable":true,"href":"https:\/\/portal.sma.gob.cl\/index.php\/wp-json\/wp\/v2\/media\/18350"}],"wp:attachment":[{"href":"https:\/\/portal.sma.gob.cl\/index.php\/wp-json\/wp\/v2\/media?parent=18348"}],"wp:term":[{"taxonomy":"category","embeddable":true,"href":"https:\/\/portal.sma.gob.cl\/index.php\/wp-json\/wp\/v2\/categories?post=18348"},{"taxonomy":"post_tag","embeddable":true,"href":"https:\/\/portal.sma.gob.cl\/index.php\/wp-json\/wp\/v2\/tags?post=18348"}],"curies":[{"name":"wp","href":"https:\/\/api.w.org\/{rel}","templated":true}]}}