{"id":18398,"date":"2019-05-14T20:54:58","date_gmt":"2019-05-14T20:54:58","guid":{"rendered":"https:\/\/portal.sma.gob.cl\/?p=18398"},"modified":"2019-05-14T20:54:58","modified_gmt":"2019-05-14T20:54:58","slug":"sma-realiza-actividad-de-promocion-al-cumplimiento-a-asiva","status":"publish","type":"post","link":"https:\/\/portal.sma.gob.cl\/index.php\/sma-realiza-actividad-de-promocion-al-cumplimiento-a-asiva\/","title":{"rendered":"SMA realiza actividad de Promoci\u00f3n al Cumplimiento a ASIVA"},"content":{"rendered":"<p><strong>Taller tuvo por objetivo presentar R.E. SMA N\u00b01610\/2018 que dicta instrucciones de car\u00e1cter general sobre deberes de actualizaci\u00f3n de planes de prevenci\u00f3n de contingencias y planes de emergencia.<\/strong><\/p>\n<p><strong>Vi\u00f1a del Mar, 14 de mayo de mayo de 2019.<\/strong> Dos profesionales de la Divisi\u00f3n de Fiscalizaci\u00f3n de la Superintendencia del Medio Ambiente (SMA) participaron el jueves 9 de mayo pasado en la Comisi\u00f3n de Medio Ambiente de la Asociaci\u00f3n de Empresas de Valpara\u00edso (ASIVA), con la finalidad de presentar la Resoluci\u00f3n Exenta SMA N\u00b01610\/2018 que dicta instrucciones de car\u00e1cter general sobre deberes de actualizaci\u00f3n de planes de prevenci\u00f3n de contingencias y planes de emergencia.<\/p>\n<p>Durante la presentaci\u00f3n las profesionales expusieron el alcance y objetivo de la resoluci\u00f3n, y explicaron como efectuar la carga de los planes de prevenci\u00f3n de contingencias y\/o planes de emergencias, a trav\u00e9s de un ejercicio pr\u00e1ctico realizado en directo.<\/p>\n<p>En la instancia participaron los encargados ambientales de las diversas empresas e instituciones pertenecientes a la asociaci\u00f3n, entre las que se cuentan empresas el\u00e9ctricas, qu\u00edmicas, agroindustrias, productivas, de saneamiento ambiental y universidades.<\/p>\n<p>El plazo para dar cumplimiento a la R.E. SMA N\u00b01610\/2018 vence el d\u00eda 17 de mayo de 2019, para las RCA existentes, y establece un plazo de 10 d\u00edas para actualizar los planes informados en caso de modificaciones.<\/p>\n","protected":false},"excerpt":{"rendered":"<p>Taller tuvo por objetivo presentar R.E. SMA N\u00b01610\/2018 que dicta instrucciones de car\u00e1cter general sobre deberes de actualizaci\u00f3n de planes de prevenci\u00f3n de contingencias y planes de emergencia. Vi\u00f1a del Mar, 14 de mayo de mayo de 2019. Dos profesionales de la Divisi\u00f3n de Fiscalizaci\u00f3n de la Superintendencia del Medio Ambiente (SMA) participaron el jueves 9 <a href=\"https:\/\/portal.sma.gob.cl\/index.php\/sma-realiza-actividad-de-promocion-al-cumplimiento-a-asiva\/\">Leer m\u00e1s<\/a><\/p>\n","protected":false},"author":8,"featured_media":18401,"comment_status":"open","ping_status":"open","sticky":false,"template":"","format":"standard","meta":{"footnotes":""},"categories":[107,94],"tags":[],"class_list":["post-18398","post","type-post","status-publish","format-standard","has-post-thumbnail","hentry","category-destacado","category-notas-noticias"],"_links":{"self":[{"href":"https:\/\/portal.sma.gob.cl\/index.php\/wp-json\/wp\/v2\/posts\/18398","targetHints":{"allow":["GET"]}}],"collection":[{"href":"https:\/\/portal.sma.gob.cl\/index.php\/wp-json\/wp\/v2\/posts"}],"about":[{"href":"https:\/\/portal.sma.gob.cl\/index.php\/wp-json\/wp\/v2\/types\/post"}],"author":[{"embeddable":true,"href":"https:\/\/portal.sma.gob.cl\/index.php\/wp-json\/wp\/v2\/users\/8"}],"replies":[{"embeddable":true,"href":"https:\/\/portal.sma.gob.cl\/index.php\/wp-json\/wp\/v2\/comments?post=18398"}],"version-history":[{"count":2,"href":"https:\/\/portal.sma.gob.cl\/index.php\/wp-json\/wp\/v2\/posts\/18398\/revisions"}],"predecessor-version":[{"id":18400,"href":"https:\/\/portal.sma.gob.cl\/index.php\/wp-json\/wp\/v2\/posts\/18398\/revisions\/18400"}],"wp:featuredmedia":[{"embeddable":true,"href":"https:\/\/portal.sma.gob.cl\/index.php\/wp-json\/wp\/v2\/media\/18401"}],"wp:attachment":[{"href":"https:\/\/portal.sma.gob.cl\/index.php\/wp-json\/wp\/v2\/media?parent=18398"}],"wp:term":[{"taxonomy":"category","embeddable":true,"href":"https:\/\/portal.sma.gob.cl\/index.php\/wp-json\/wp\/v2\/categories?post=18398"},{"taxonomy":"post_tag","embeddable":true,"href":"https:\/\/portal.sma.gob.cl\/index.php\/wp-json\/wp\/v2\/tags?post=18398"}],"curies":[{"name":"wp","href":"https:\/\/api.w.org\/{rel}","templated":true}]}}