{"id":18403,"date":"2019-05-15T19:37:30","date_gmt":"2019-05-15T19:37:30","guid":{"rendered":"https:\/\/portal.sma.gob.cl\/?p=18403"},"modified":"2019-05-15T19:37:30","modified_gmt":"2019-05-15T19:37:30","slug":"region-de-la-araucania-sma-realiza-encuentro-para-incentivar-cumplimiento-de-la-norma-de-ruido","status":"publish","type":"post","link":"https:\/\/portal.sma.gob.cl\/index.php\/region-de-la-araucania-sma-realiza-encuentro-para-incentivar-cumplimiento-de-la-norma-de-ruido\/","title":{"rendered":"Regi\u00f3n de La Araucan\u00eda: SMA realiza encuentro para incentivar cumplimiento de la norma de ruido"},"content":{"rendered":"<p><strong>La actividad estuvo orientada a titulares de locales nocturnos. <\/strong><!--more--><\/p>\n<p><strong>Temuco, 15 de Mayo de 2019.<\/strong> El equipo de la Superintendencia del Medio Ambiente (SMA) de la Regi\u00f3n de La Araucan\u00eda realiz\u00f3 un taller en dependencias del sal\u00f3n Ulises Valderrama de la Intendencia Regional, sobre la promoci\u00f3n al cumplimiento ambiental dirigida a administradores y titulares de locales nocturnos. La actividad cont\u00f3 adem\u00e1s con la presencia de profesionales de la Municipalidad de Temuco.<\/p>\n<p>En el encuentro se abordaron y sistematizaron los contenidos del Decreto Supremo 38\/2011, \u201cNorma de emisi\u00f3n de ruidos generados por fuentes fijas\u201d. Dicho taller cont\u00f3 con la participaci\u00f3n como expositores de profesionales de la Superintendencia del Medio Ambiente, quienes informaron sobre tem\u00e1ticas asociadas a la aplicaci\u00f3n, exigencias y metodolog\u00eda de medici\u00f3n dentro del marco normativo respectivo.<\/p>\n<p>En el encuentro, el equipo regional present\u00f3 las competencias de la SMA con respecto a c\u00f3mo y cu\u00e1ndo se fiscaliza, el sistema de denuncias, como asimismo se detallaron las estad\u00edsticas del sector asociado a Locales Nocturnos en la regi\u00f3n. Cabe recordar que los ruidos molestos, son la categor\u00eda que m\u00e1s agrupa denuncias a nivel regional y tambi\u00e9n a nivel nacional.<\/p>\n<p>El jefe regional de la Araucan\u00eda, Luis Mu\u00f1oz, explic\u00f3 que adem\u00e1s en la actividad \u201cse presentaron casos ya sancionados, a modo de ejercicio, en el cual se abordaron aspectos asociados a puntos cr\u00edticos y algunas metodolog\u00edas y\/o acciones correctivas propuestas\u201d.<\/p>\n","protected":false},"excerpt":{"rendered":"<p>La actividad estuvo orientada a titulares de locales nocturnos.<\/p>\n","protected":false},"author":9,"featured_media":18404,"comment_status":"open","ping_status":"open","sticky":false,"template":"","format":"standard","meta":{"footnotes":""},"categories":[107,94],"tags":[113,112,111,110],"class_list":["post-18403","post","type-post","status-publish","format-standard","has-post-thumbnail","hentry","category-destacado","category-notas-noticias","tag-ds-38","tag-locales-nocturnos","tag-ruidos","tag-sma"],"_links":{"self":[{"href":"https:\/\/portal.sma.gob.cl\/index.php\/wp-json\/wp\/v2\/posts\/18403","targetHints":{"allow":["GET"]}}],"collection":[{"href":"https:\/\/portal.sma.gob.cl\/index.php\/wp-json\/wp\/v2\/posts"}],"about":[{"href":"https:\/\/portal.sma.gob.cl\/index.php\/wp-json\/wp\/v2\/types\/post"}],"author":[{"embeddable":true,"href":"https:\/\/portal.sma.gob.cl\/index.php\/wp-json\/wp\/v2\/users\/9"}],"replies":[{"embeddable":true,"href":"https:\/\/portal.sma.gob.cl\/index.php\/wp-json\/wp\/v2\/comments?post=18403"}],"version-history":[{"count":1,"href":"https:\/\/portal.sma.gob.cl\/index.php\/wp-json\/wp\/v2\/posts\/18403\/revisions"}],"predecessor-version":[{"id":18405,"href":"https:\/\/portal.sma.gob.cl\/index.php\/wp-json\/wp\/v2\/posts\/18403\/revisions\/18405"}],"wp:featuredmedia":[{"embeddable":true,"href":"https:\/\/portal.sma.gob.cl\/index.php\/wp-json\/wp\/v2\/media\/18404"}],"wp:attachment":[{"href":"https:\/\/portal.sma.gob.cl\/index.php\/wp-json\/wp\/v2\/media?parent=18403"}],"wp:term":[{"taxonomy":"category","embeddable":true,"href":"https:\/\/portal.sma.gob.cl\/index.php\/wp-json\/wp\/v2\/categories?post=18403"},{"taxonomy":"post_tag","embeddable":true,"href":"https:\/\/portal.sma.gob.cl\/index.php\/wp-json\/wp\/v2\/tags?post=18403"}],"curies":[{"name":"wp","href":"https:\/\/api.w.org\/{rel}","templated":true}]}}