{"id":18406,"date":"2019-05-15T20:52:59","date_gmt":"2019-05-15T20:52:59","guid":{"rendered":"https:\/\/portal.sma.gob.cl\/?p=18406"},"modified":"2019-05-15T20:52:59","modified_gmt":"2019-05-15T20:52:59","slug":"osorno-sma-ordena-medidas-provisionales-a-inmobiliaria-pilauco","status":"publish","type":"post","link":"https:\/\/portal.sma.gob.cl\/index.php\/osorno-sma-ordena-medidas-provisionales-a-inmobiliaria-pilauco\/","title":{"rendered":"Osorno: SMA ordena Medidas Provisionales a Inmobiliaria Pilauco"},"content":{"rendered":"<p><strong>En una actividad de fiscalizaci\u00f3n, esta Superintendencia y el Consejo de Monumentos constat\u00f3 la ejecuci\u00f3n de obras en sitios con presencia de hallazgos arqueol\u00f3gicos atribuibles al per\u00edodo alfarero cercano al sector de Pilauco Bajo, lo que puede significar la p\u00e9rdida irrecuperable de informaci\u00f3n contextual y de valor cient\u00edfico y patrimonial.<\/strong><\/p>\n<p><strong>Osorno, 15 de mayo de 2019.<\/strong> La Superintendencia del Medio Ambiente (SMA) orden\u00f3 una medida provisional a la empresa Galilea S.A. de Ingenier\u00eda y Construcci\u00f3n, titular del proyecto \u201cDesarrollo Inmobiliario Macro Pilauco II, etapa 1, Lote A\u201d, ubicado en la ciudad de Osorno, Regi\u00f3n de Los Lagos. La empresa cuenta con la Resoluci\u00f3n de Calificaci\u00f3n Ambiental (RCA) N\u00b0157\/2018 que contempla en su Etapa 1 \u201cLote A\u201d, la construcci\u00f3n de un total de 243 viviendas en 7,72 hect\u00e1reas en un plazo de 2,75 a\u00f1os.<\/p>\n<p>Las medida tiene su origen en una fiscalizaci\u00f3n realizada al proyecto inmobiliario por funcionarios de la Oficina Regional de la SMA de Los Lagos junto al Consejo de Monumentos Nacionales, quienes corroboraron en terreno el incumplimiento de obligaciones y acciones de monitoreo comprometidas en las RCA del proyecto, principalmente porque se constat\u00f3 la disposici\u00f3n de residuos en \u00e1reas no evaluadas, donde adem\u00e1s se encontraron fragmentos de cer\u00e1mica en superficie, lo que constituye hallazgos arqueol\u00f3gicos o paleontol\u00f3gicos atribuibles al periodo alfarero, situaci\u00f3n que no fue reportada o evaluada por la constructora.<\/p>\n<p>Tras las inspecciones realizadas y previa solicitud de autorizaci\u00f3n al Tercer Tribunal Ambiental, con sede en Valdivia, se adoptaron las siguientes medidas:<\/p>\n<p>1. Detenci\u00f3n parcial de las actividades desarrolladas en el proyecto \u201cDesarrollo Inmobiliario Macro Pilauco II, etapa 1, Lote A\u201d. Esta detenci\u00f3n parcial s\u00f3lo se circunscribir\u00e1 a las actividades de movimiento de tierra, esto es, excavaciones, escarpe, nuevas construcciones, dep\u00f3sito de maquinarias, insumos, residuos, tr\u00e1nsito de veh\u00edculos y maquinaria pesada, y similares. La medida deber\u00e1 hacerse efectiva por el plazo de 15 d\u00edas h\u00e1biles.<\/p>\n<p>2. Detenci\u00f3n total que dicho titular se encuentre desarrollando en la etapa 2 (Lotes B, C y D) del proyecto. La medida tendr\u00e1 una duraci\u00f3n de 15 d\u00edas h\u00e1biles.<\/p>\n<p>3. Ordenar programas de monitoreos y an\u00e1lisis espec\u00edficos que ser\u00e1n de cargo del titular del proyecto, presentados mediante un informe ante el Consejo de Monumentos Nacionales (CMN) y a la SMA, en un plazo de 15 d\u00edas h\u00e1biles, que implique una nueva inspecci\u00f3n visual sistem\u00e1tica, la cual deber\u00e1 consistir en un microruteo ejecutado a trav\u00e9s del barrido completo \u2013metro a metro- de toda la superficie del proyecto, con el objeto de detectar la presencia de hallazgos arqueol\u00f3gicos.<\/p>\n<p>Para mayor detalle de las medidas provisionales, acceder al Sistema de Informaci\u00f3n de Fiscalizaci\u00f3n Ambiental (SNIFA) en el siguiente link: <a href=\"http:\/\/snifa.sma.gob.cl\/v2\/MedidaProvisional\/Ficha\/154\">http:\/\/snifa.sma.gob.cl\/v2\/MedidaProvisional\/Ficha\/154<\/a><\/p>\n","protected":false},"excerpt":{"rendered":"<p>En una actividad de fiscalizaci\u00f3n, esta Superintendencia y el Consejo de Monumentos constat\u00f3 la ejecuci\u00f3n de obras en sitios con presencia de hallazgos arqueol\u00f3gicos atribuibles al per\u00edodo alfarero cercano al sector de Pilauco Bajo, lo que puede significar la p\u00e9rdida irrecuperable de informaci\u00f3n contextual y de valor cient\u00edfico y patrimonial. Osorno, 15 de mayo de 2019. <a href=\"https:\/\/portal.sma.gob.cl\/index.php\/osorno-sma-ordena-medidas-provisionales-a-inmobiliaria-pilauco\/\">Leer m\u00e1s<\/a><\/p>\n","protected":false},"author":8,"featured_media":18408,"comment_status":"open","ping_status":"open","sticky":false,"template":"","format":"standard","meta":{"footnotes":""},"categories":[90,107],"tags":[],"class_list":["post-18406","post","type-post","status-publish","format-standard","has-post-thumbnail","hentry","category-comunicados-noticias","category-destacado"],"_links":{"self":[{"href":"https:\/\/portal.sma.gob.cl\/index.php\/wp-json\/wp\/v2\/posts\/18406","targetHints":{"allow":["GET"]}}],"collection":[{"href":"https:\/\/portal.sma.gob.cl\/index.php\/wp-json\/wp\/v2\/posts"}],"about":[{"href":"https:\/\/portal.sma.gob.cl\/index.php\/wp-json\/wp\/v2\/types\/post"}],"author":[{"embeddable":true,"href":"https:\/\/portal.sma.gob.cl\/index.php\/wp-json\/wp\/v2\/users\/8"}],"replies":[{"embeddable":true,"href":"https:\/\/portal.sma.gob.cl\/index.php\/wp-json\/wp\/v2\/comments?post=18406"}],"version-history":[{"count":2,"href":"https:\/\/portal.sma.gob.cl\/index.php\/wp-json\/wp\/v2\/posts\/18406\/revisions"}],"predecessor-version":[{"id":18409,"href":"https:\/\/portal.sma.gob.cl\/index.php\/wp-json\/wp\/v2\/posts\/18406\/revisions\/18409"}],"wp:featuredmedia":[{"embeddable":true,"href":"https:\/\/portal.sma.gob.cl\/index.php\/wp-json\/wp\/v2\/media\/18408"}],"wp:attachment":[{"href":"https:\/\/portal.sma.gob.cl\/index.php\/wp-json\/wp\/v2\/media?parent=18406"}],"wp:term":[{"taxonomy":"category","embeddable":true,"href":"https:\/\/portal.sma.gob.cl\/index.php\/wp-json\/wp\/v2\/categories?post=18406"},{"taxonomy":"post_tag","embeddable":true,"href":"https:\/\/portal.sma.gob.cl\/index.php\/wp-json\/wp\/v2\/tags?post=18406"}],"curies":[{"name":"wp","href":"https:\/\/api.w.org\/{rel}","templated":true}]}}