{"id":18410,"date":"2019-05-16T15:19:26","date_gmt":"2019-05-16T15:19:26","guid":{"rendered":"https:\/\/portal.sma.gob.cl\/?p=18410"},"modified":"2019-05-16T15:20:34","modified_gmt":"2019-05-16T15:20:34","slug":"superintendente-inspecciona-instalaciones-de-codelco-norte-tras-incidente-en-planta-de-acido-sulfurico","status":"publish","type":"post","link":"https:\/\/portal.sma.gob.cl\/index.php\/superintendente-inspecciona-instalaciones-de-codelco-norte-tras-incidente-en-planta-de-acido-sulfurico\/","title":{"rendered":"Superintendente inspecciona instalaciones de Codelco Norte tras incidente en planta de \u00e1cido sulf\u00farico"},"content":{"rendered":"<p><strong>El d\u00eda mi\u00e9rcoles 15 de mayo, la m\u00e1xima autoridad de la SMA junto a profesionales de la repartici\u00f3n, recorrieron las instalaciones de la Fundici\u00f3n de Concentrados de Codelco Chuquicamata y las estaciones de monitoreo en Calama para fiscalizar sus compromisos ambientales.<\/strong><!--more--><\/p>\n<p><strong>Calama, 16 de mayo de 2019. <\/strong>El Superintendente del Medio Ambiente (S), Rub\u00e9n Verdugo, recorri\u00f3 durante la jornada de ayer las instalaciones de la Fundici\u00f3n de Concentrados de Codelco Chuquicamata, junto a profesionales de la repartici\u00f3n, con el fin de analizar en terreno los compromisos ambientales de la instalaci\u00f3n.<\/p>\n<p>Esta visita inspectiva se suma a los requerimientos de informaci\u00f3n que se realizaron a la estatal luego que el d\u00eda viernes 10 de mayo, la minera reportara un incidente en su Planta de \u00c1cido Sulf\u00farico, tras lo cual detuvo su sistema y evacu\u00f3 preventivamente a los trabajadores.<\/p>\n<p>Adicionalmente, se verificaron las estaciones de monitoreo instaladas en Calama, con el fin de recabar los datos del incidente y los d\u00edas posteriores.<\/p>\n<p>\u201cCon esta informaci\u00f3n, la Superintendencia realizar\u00e1 los an\u00e1lisis respectivos y estaremos informando cualquier medida que tomemos. Es importante destacar que en este incidente, hemos estado monitoreando de cerca la situaci\u00f3n y lo que m\u00e1s nos interesa es que la empresa cumpla con sus compromisos ambientales\u201d, asegur\u00f3 el Superintendente (S) Verdugo.<\/p>\n","protected":false},"excerpt":{"rendered":"<p>El d\u00eda mi\u00e9rcoles 15 de mayo, la m\u00e1xima autoridad de la SMA junto a profesionales de la repartici\u00f3n, recorrieron las instalaciones de la Fundici\u00f3n de Concentrados de Codelco Chuquicamata y las estaciones de monitoreo en Calama para fiscalizar sus compromisos ambientales.<\/p>\n","protected":false},"author":9,"featured_media":18412,"comment_status":"open","ping_status":"open","sticky":false,"template":"","format":"standard","meta":{"footnotes":""},"categories":[90,107],"tags":[116,114,115,118,110,117],"class_list":["post-18410","post","type-post","status-publish","format-standard","has-post-thumbnail","hentry","category-comunicados-noticias","category-destacado","tag-acido","tag-codelco","tag-emanacion","tag-inspeccion","tag-sma","tag-sulfurico"],"_links":{"self":[{"href":"https:\/\/portal.sma.gob.cl\/index.php\/wp-json\/wp\/v2\/posts\/18410","targetHints":{"allow":["GET"]}}],"collection":[{"href":"https:\/\/portal.sma.gob.cl\/index.php\/wp-json\/wp\/v2\/posts"}],"about":[{"href":"https:\/\/portal.sma.gob.cl\/index.php\/wp-json\/wp\/v2\/types\/post"}],"author":[{"embeddable":true,"href":"https:\/\/portal.sma.gob.cl\/index.php\/wp-json\/wp\/v2\/users\/9"}],"replies":[{"embeddable":true,"href":"https:\/\/portal.sma.gob.cl\/index.php\/wp-json\/wp\/v2\/comments?post=18410"}],"version-history":[{"count":3,"href":"https:\/\/portal.sma.gob.cl\/index.php\/wp-json\/wp\/v2\/posts\/18410\/revisions"}],"predecessor-version":[{"id":18414,"href":"https:\/\/portal.sma.gob.cl\/index.php\/wp-json\/wp\/v2\/posts\/18410\/revisions\/18414"}],"wp:featuredmedia":[{"embeddable":true,"href":"https:\/\/portal.sma.gob.cl\/index.php\/wp-json\/wp\/v2\/media\/18412"}],"wp:attachment":[{"href":"https:\/\/portal.sma.gob.cl\/index.php\/wp-json\/wp\/v2\/media?parent=18410"}],"wp:term":[{"taxonomy":"category","embeddable":true,"href":"https:\/\/portal.sma.gob.cl\/index.php\/wp-json\/wp\/v2\/categories?post=18410"},{"taxonomy":"post_tag","embeddable":true,"href":"https:\/\/portal.sma.gob.cl\/index.php\/wp-json\/wp\/v2\/tags?post=18410"}],"curies":[{"name":"wp","href":"https:\/\/api.w.org\/{rel}","templated":true}]}}