{"id":18441,"date":"2019-05-23T09:19:15","date_gmt":"2019-05-23T13:19:15","guid":{"rendered":"https:\/\/portal.sma.gob.cl\/?p=18441"},"modified":"2019-05-27T11:40:45","modified_gmt":"2019-05-27T15:40:45","slug":"region-metropolitana-medidas-de-la-alerta-ambiental-23-de-mayo-de-2019","status":"publish","type":"post","link":"https:\/\/portal.sma.gob.cl\/index.php\/region-metropolitana-medidas-de-la-alerta-ambiental-23-de-mayo-de-2019\/","title":{"rendered":"REGI\u00d3N METROPOLITANA: Medidas de la Alerta Ambiental (23 de mayo de 2019)"},"content":{"rendered":"<p>La\u00a0<strong>Intendencia Metropolitana<\/strong>\u00a0decidi\u00f3 decretar la primera<strong>\u00a0Alerta Ambiental\u00a0<\/strong>de este a\u00f1o para este jueves 23 de mayo debido a las malas condiciones de ventilaci\u00f3n sumado a las bajas temperaturas.<\/p>\n<p>Entre las medidas que contempla el Plan de Descontaminaci\u00f3n, est\u00e1 la <strong>prohibici\u00f3n del uso\u00a0calefactores y cocinas a le\u00f1a <\/strong>en toda la regi\u00f3n Metropolitana.<\/p>\n<p>Para m\u00e1s informaci\u00f3n, revisar el siguiente link: <a href=\"https:\/\/portal.sma.gob.cl\/index.php\/portal-regulados\/instructivos-y-guias\/planes-de-prevencion-y-descontaminacion-ambiental\/\">Plan de Descontaminaci\u00f3n RM<\/a><\/p>\n","protected":false},"excerpt":{"rendered":"<p>La\u00a0Intendencia Metropolitana\u00a0decidi\u00f3 decretar la primera\u00a0Alerta Ambiental\u00a0de este a\u00f1o para este jueves 23 de mayo debido a las malas condiciones de ventilaci\u00f3n sumado a las bajas temperaturas. Entre las medidas que contempla el Plan de Descontaminaci\u00f3n, est\u00e1 la prohibici\u00f3n del uso\u00a0calefactores y cocinas a le\u00f1a en toda la regi\u00f3n Metropolitana. Para m\u00e1s informaci\u00f3n, revisar el siguiente link: <a href=\"https:\/\/portal.sma.gob.cl\/index.php\/region-metropolitana-medidas-de-la-alerta-ambiental-23-de-mayo-de-2019\/\">Leer m\u00e1s<\/a><\/p>\n","protected":false},"author":9,"featured_media":18442,"comment_status":"open","ping_status":"open","sticky":false,"template":"","format":"standard","meta":{"footnotes":""},"categories":[94],"tags":[],"class_list":["post-18441","post","type-post","status-publish","format-standard","has-post-thumbnail","hentry","category-notas-noticias"],"_links":{"self":[{"href":"https:\/\/portal.sma.gob.cl\/index.php\/wp-json\/wp\/v2\/posts\/18441","targetHints":{"allow":["GET"]}}],"collection":[{"href":"https:\/\/portal.sma.gob.cl\/index.php\/wp-json\/wp\/v2\/posts"}],"about":[{"href":"https:\/\/portal.sma.gob.cl\/index.php\/wp-json\/wp\/v2\/types\/post"}],"author":[{"embeddable":true,"href":"https:\/\/portal.sma.gob.cl\/index.php\/wp-json\/wp\/v2\/users\/9"}],"replies":[{"embeddable":true,"href":"https:\/\/portal.sma.gob.cl\/index.php\/wp-json\/wp\/v2\/comments?post=18441"}],"version-history":[{"count":1,"href":"https:\/\/portal.sma.gob.cl\/index.php\/wp-json\/wp\/v2\/posts\/18441\/revisions"}],"predecessor-version":[{"id":18443,"href":"https:\/\/portal.sma.gob.cl\/index.php\/wp-json\/wp\/v2\/posts\/18441\/revisions\/18443"}],"wp:featuredmedia":[{"embeddable":true,"href":"https:\/\/portal.sma.gob.cl\/index.php\/wp-json\/wp\/v2\/media\/18442"}],"wp:attachment":[{"href":"https:\/\/portal.sma.gob.cl\/index.php\/wp-json\/wp\/v2\/media?parent=18441"}],"wp:term":[{"taxonomy":"category","embeddable":true,"href":"https:\/\/portal.sma.gob.cl\/index.php\/wp-json\/wp\/v2\/categories?post=18441"},{"taxonomy":"post_tag","embeddable":true,"href":"https:\/\/portal.sma.gob.cl\/index.php\/wp-json\/wp\/v2\/tags?post=18441"}],"curies":[{"name":"wp","href":"https:\/\/api.w.org\/{rel}","templated":true}]}}