{"id":18502,"date":"2019-05-28T10:57:56","date_gmt":"2019-05-28T14:57:56","guid":{"rendered":"https:\/\/portal.sma.gob.cl\/?p=18502"},"modified":"2019-05-28T10:57:56","modified_gmt":"2019-05-28T14:57:56","slug":"sma-fiscaliza-parque-industrial-de-concon","status":"publish","type":"post","link":"https:\/\/portal.sma.gob.cl\/index.php\/sma-fiscaliza-parque-industrial-de-concon\/","title":{"rendered":"SMA fiscaliza parque industrial de Conc\u00f3n"},"content":{"rendered":"<p><strong>Ante denuncias de la comunidad por olores molestos, el equipo de la Regi\u00f3n de Valpara\u00edso de la SMA ha realizado rondas diarias inspectivas en Enap Refiner\u00edas, BASF, Lipigas y Asfalcom.<\/strong><\/p>\n<p><strong>\u00a0<\/strong><strong>Valpara\u00edso, 28 de mayo de 2019.<\/strong> La Oficina Regional de la Superintendencia del Medio Ambiente en Valpara\u00edso ha recibido diversas denuncias de olores molestos por parte de vecinos de Conc\u00f3n, en\u00a0 sectores tales como Los Romeros, Blanca Estela y Montemar.<\/p>\n<p>En este caso, desde el lunes 20 al jueves 23 de mayo se han realizado diversas visitas inspectivas a Enap Refiner\u00edas, con el objetivo de verificar el cumplimiento de sus obligaciones ambientales. Asimismo, el jueves 23 se visitaron las instalaciones de la empresa Lipigas; el viernes 25 de mayo se realiz\u00f3 una inspecci\u00f3n a la f\u00e1brica BASF.<\/p>\n<p>En tanto, ayer lunes 27 de mayo se realiz\u00f3 una nueva inspecci\u00f3n a Enap Refiner\u00edas, a la empresa Asfalcom y se concurri\u00f3 a la Estaci\u00f3n de Calidad de Aire de Conc\u00f3n.<\/p>\n<p>\u201cEstamos atendiendo la denuncia de los vecinos de Conc\u00f3n. En este caso, nos encontramos con una zona donde coexisten distintas empresas industriales, por lo que estamos realizando visitas inspectivas y solicitando informaci\u00f3n a las compa\u00f1\u00edas, con el objetivo de realizar el mejor trabajo en el menor tiempo posible. Entendemos la molestia de la comunidad, por lo que estamos abordando el tema con seriedad y en detalle\u201d, afirm\u00f3 el jefe de la oficina Regional de la SMA, Sergio de la Barrera.<\/p>\n","protected":false},"excerpt":{"rendered":"<p>Ante denuncias de la comunidad por olores molestos, el equipo de la Regi\u00f3n de Valpara\u00edso de la SMA ha realizado rondas diarias inspectivas en Enap Refiner\u00edas, BASF, Lipigas y Asfalcom. \u00a0Valpara\u00edso, 28 de mayo de 2019. La Oficina Regional de la Superintendencia del Medio Ambiente en Valpara\u00edso ha recibido diversas denuncias de olores molestos por parte <a href=\"https:\/\/portal.sma.gob.cl\/index.php\/sma-fiscaliza-parque-industrial-de-concon\/\">Leer m\u00e1s<\/a><\/p>\n","protected":false},"author":9,"featured_media":18503,"comment_status":"open","ping_status":"open","sticky":false,"template":"","format":"standard","meta":{"footnotes":""},"categories":[90,107],"tags":[119,120,110],"class_list":["post-18502","post","type-post","status-publish","format-standard","has-post-thumbnail","hentry","category-comunicados-noticias","category-destacado","tag-concon","tag-olores","tag-sma"],"_links":{"self":[{"href":"https:\/\/portal.sma.gob.cl\/index.php\/wp-json\/wp\/v2\/posts\/18502","targetHints":{"allow":["GET"]}}],"collection":[{"href":"https:\/\/portal.sma.gob.cl\/index.php\/wp-json\/wp\/v2\/posts"}],"about":[{"href":"https:\/\/portal.sma.gob.cl\/index.php\/wp-json\/wp\/v2\/types\/post"}],"author":[{"embeddable":true,"href":"https:\/\/portal.sma.gob.cl\/index.php\/wp-json\/wp\/v2\/users\/9"}],"replies":[{"embeddable":true,"href":"https:\/\/portal.sma.gob.cl\/index.php\/wp-json\/wp\/v2\/comments?post=18502"}],"version-history":[{"count":1,"href":"https:\/\/portal.sma.gob.cl\/index.php\/wp-json\/wp\/v2\/posts\/18502\/revisions"}],"predecessor-version":[{"id":18504,"href":"https:\/\/portal.sma.gob.cl\/index.php\/wp-json\/wp\/v2\/posts\/18502\/revisions\/18504"}],"wp:featuredmedia":[{"embeddable":true,"href":"https:\/\/portal.sma.gob.cl\/index.php\/wp-json\/wp\/v2\/media\/18503"}],"wp:attachment":[{"href":"https:\/\/portal.sma.gob.cl\/index.php\/wp-json\/wp\/v2\/media?parent=18502"}],"wp:term":[{"taxonomy":"category","embeddable":true,"href":"https:\/\/portal.sma.gob.cl\/index.php\/wp-json\/wp\/v2\/categories?post=18502"},{"taxonomy":"post_tag","embeddable":true,"href":"https:\/\/portal.sma.gob.cl\/index.php\/wp-json\/wp\/v2\/tags?post=18502"}],"curies":[{"name":"wp","href":"https:\/\/api.w.org\/{rel}","templated":true}]}}