{"id":18505,"date":"2019-05-29T09:27:37","date_gmt":"2019-05-29T13:27:37","guid":{"rendered":"https:\/\/portal.sma.gob.cl\/?p=18505"},"modified":"2019-05-29T09:27:37","modified_gmt":"2019-05-29T13:27:37","slug":"plan-de-descontaminacion-lago-villarrica-sma-participa-en-la-tercera-reunion-del-comite-operativo","status":"publish","type":"post","link":"https:\/\/portal.sma.gob.cl\/index.php\/plan-de-descontaminacion-lago-villarrica-sma-participa-en-la-tercera-reunion-del-comite-operativo\/","title":{"rendered":"Plan de descontaminaci\u00f3n Lago Villarrica: SMA participa en la tercera reuni\u00f3n del Comit\u00e9 Operativo"},"content":{"rendered":"<p><strong>Participaci\u00f3n de la Superintendencia del Medio Ambiente obedece a las l\u00edneas de acci\u00f3n del anteproyecto del plan de Descontaminaci\u00f3n del Lago Villarrica.<\/strong><\/p>\n<p><strong>Villarrica, 29 de mayo de 2019.<\/strong> En el contexto de la elaboraci\u00f3n del plan de descontaminaci\u00f3n del Lago Villarrica que lleva a cabo la Secretar\u00eda Regional Ministerial del Medio Ambiente, profesionales de la Oficina Regional de la Araucan\u00eda de la Superintendencia del Medio Ambiente (SMA) participaron de la tercera reuni\u00f3n del Comit\u00e9 Operativo en conjunto con diversos servicios como la SISS, DGA, SEA, CONADI y Municipalidades de la zona, entre otros. Actividad que se realiz\u00f3 el martes 28 de mayo del presente a\u00f1o en el Centro Cultural de la ciudad de Villarrica, Regi\u00f3n de La Araucan\u00eda.<\/p>\n<p>La participaci\u00f3n de la Superintendencia del Medio Ambiente obedece a las l\u00edneas de acci\u00f3n del anteproyecto del plan de Descontaminaci\u00f3n, y que se focalizan al an\u00e1lisis de alternativas que han sido propuestas desde la mesa t\u00e9cnica, en la cual ha participado igualmente, y donde se ha analizado caso a caso las diferentes acciones asociadas a fuentes fijas y fuentes difusas, de forma de abordar en conjunto con los dem\u00e1s miembros del Comit\u00e9 Operativo, las medidas para dar cuenta de los par\u00e1metros declarados como superados respecto de la NSCA.<\/p>\n<p>Recordemos, que este plan se inici\u00f3 el 16 de noviembre del a\u00f1o 2018 con la publicaci\u00f3n en el Diario Oficial por el Ministerio del Medio Ambiente del Decreto que da inicio al proceso de elaboraci\u00f3n del plan de descontaminaci\u00f3n del lago Villarrica (PDA) y corresponde al primero asociado a un cuerpo lacustre a nivel nacional.<\/p>\n","protected":false},"excerpt":{"rendered":"<p>Participaci\u00f3n de la Superintendencia del Medio Ambiente obedece a las l\u00edneas de acci\u00f3n del anteproyecto del plan de Descontaminaci\u00f3n del Lago Villarrica. Villarrica, 29 de mayo de 2019. En el contexto de la elaboraci\u00f3n del plan de descontaminaci\u00f3n del Lago Villarrica que lleva a cabo la Secretar\u00eda Regional Ministerial del Medio Ambiente, profesionales de la Oficina <a href=\"https:\/\/portal.sma.gob.cl\/index.php\/plan-de-descontaminacion-lago-villarrica-sma-participa-en-la-tercera-reunion-del-comite-operativo\/\">Leer m\u00e1s<\/a><\/p>\n","protected":false},"author":8,"featured_media":18508,"comment_status":"open","ping_status":"open","sticky":false,"template":"","format":"standard","meta":{"footnotes":""},"categories":[107,1],"tags":[],"class_list":["post-18505","post","type-post","status-publish","format-standard","has-post-thumbnail","hentry","category-destacado","category-sin-categoria"],"_links":{"self":[{"href":"https:\/\/portal.sma.gob.cl\/index.php\/wp-json\/wp\/v2\/posts\/18505","targetHints":{"allow":["GET"]}}],"collection":[{"href":"https:\/\/portal.sma.gob.cl\/index.php\/wp-json\/wp\/v2\/posts"}],"about":[{"href":"https:\/\/portal.sma.gob.cl\/index.php\/wp-json\/wp\/v2\/types\/post"}],"author":[{"embeddable":true,"href":"https:\/\/portal.sma.gob.cl\/index.php\/wp-json\/wp\/v2\/users\/8"}],"replies":[{"embeddable":true,"href":"https:\/\/portal.sma.gob.cl\/index.php\/wp-json\/wp\/v2\/comments?post=18505"}],"version-history":[{"count":2,"href":"https:\/\/portal.sma.gob.cl\/index.php\/wp-json\/wp\/v2\/posts\/18505\/revisions"}],"predecessor-version":[{"id":18507,"href":"https:\/\/portal.sma.gob.cl\/index.php\/wp-json\/wp\/v2\/posts\/18505\/revisions\/18507"}],"wp:featuredmedia":[{"embeddable":true,"href":"https:\/\/portal.sma.gob.cl\/index.php\/wp-json\/wp\/v2\/media\/18508"}],"wp:attachment":[{"href":"https:\/\/portal.sma.gob.cl\/index.php\/wp-json\/wp\/v2\/media?parent=18505"}],"wp:term":[{"taxonomy":"category","embeddable":true,"href":"https:\/\/portal.sma.gob.cl\/index.php\/wp-json\/wp\/v2\/categories?post=18505"},{"taxonomy":"post_tag","embeddable":true,"href":"https:\/\/portal.sma.gob.cl\/index.php\/wp-json\/wp\/v2\/tags?post=18505"}],"curies":[{"name":"wp","href":"https:\/\/api.w.org\/{rel}","templated":true}]}}