{"id":18536,"date":"2019-05-30T17:00:47","date_gmt":"2019-05-30T21:00:47","guid":{"rendered":"https:\/\/portal.sma.gob.cl\/?p=18536"},"modified":"2019-05-30T17:00:47","modified_gmt":"2019-05-30T21:00:47","slug":"sma-los-rios-realizo-capacitacion-en-el-marco-del-plan-de-descontaminacion-de-valdivia","status":"publish","type":"post","link":"https:\/\/portal.sma.gob.cl\/index.php\/sma-los-rios-realizo-capacitacion-en-el-marco-del-plan-de-descontaminacion-de-valdivia\/","title":{"rendered":"SMA Los R\u00edos realiz\u00f3 capacitaci\u00f3n en el marco del plan de descontaminaci\u00f3n de Valdivia"},"content":{"rendered":"<p><strong>Actividad se desarroll\u00f3 en el sal\u00f3n de la Contralor\u00eda General de la Rep\u00fablica, a trav\u00e9s de una jornada de capacitaci\u00f3n para fuentes fijas, en el marco del Plan de Descontaminaci\u00f3n de esa ciudad.<\/strong><\/p>\n<p><strong>Valdivia, 30 de mayo de 2019.-<\/strong> En la jornada se explic\u00f3 a los representes de empresas, como tambi\u00e9n a los encargados de calderas, tanto del \u00e1mbito industrial como residenciales, acerca de las obligaciones que establece el Plan de Descontaminaci\u00f3n, tanto para calderas existentes, como nuevas, los l\u00edmites de emisi\u00f3n para cada fuente, la obligaci\u00f3n de hacer mediciones discretas seg\u00fan el tipo de combustible de la caldera, y su potencia. Adem\u00e1s de las restricciones del per\u00edodo de Gesti\u00f3n de Episodios Cr\u00edticos (GEC), que rige desde el mes de abril hasta septiembre, para los episodios de pre-emergencia y emergencia. El taller, cont\u00f3 con representantes de edificios, y de empresas, los que participaron activamente del taller formulando consultas, y aclarando dudas e inquietudes.<\/p>\n<p>El jefe de la Oficina Regional de la SMA Los R\u00edos, Eduardo Rodr\u00edguez se\u00f1al\u00f3 que \u201cse trata de una actividad de suma importancia para esta Superintendencia donde nos podemos reunir con los titulares de las diversas fuentes y explicar nuestro procedimiento de fiscalizaci\u00f3n, las obligaciones del PDA, pero sobre todo, contribuir a la educaci\u00f3n acerca del objetivo del Plan de descontaminaci\u00f3n de la ciudad de Valdivia\u201d.  <\/p>\n","protected":false},"excerpt":{"rendered":"<p>Actividad se desarroll\u00f3 en el sal\u00f3n de la Contralor\u00eda General de la Rep\u00fablica, a trav\u00e9s de una jornada de capacitaci\u00f3n para fuentes fijas, en el marco del Plan de Descontaminaci\u00f3n de esa ciudad. Valdivia, 30 de mayo de 2019.- En la jornada se explic\u00f3 a los representes de empresas, como tambi\u00e9n a los encargados de calderas, <a href=\"https:\/\/portal.sma.gob.cl\/index.php\/sma-los-rios-realizo-capacitacion-en-el-marco-del-plan-de-descontaminacion-de-valdivia\/\">Leer m\u00e1s<\/a><\/p>\n","protected":false},"author":8,"featured_media":18538,"comment_status":"open","ping_status":"open","sticky":false,"template":"","format":"standard","meta":{"footnotes":""},"categories":[107,94],"tags":[],"class_list":["post-18536","post","type-post","status-publish","format-standard","has-post-thumbnail","hentry","category-destacado","category-notas-noticias"],"_links":{"self":[{"href":"https:\/\/portal.sma.gob.cl\/index.php\/wp-json\/wp\/v2\/posts\/18536","targetHints":{"allow":["GET"]}}],"collection":[{"href":"https:\/\/portal.sma.gob.cl\/index.php\/wp-json\/wp\/v2\/posts"}],"about":[{"href":"https:\/\/portal.sma.gob.cl\/index.php\/wp-json\/wp\/v2\/types\/post"}],"author":[{"embeddable":true,"href":"https:\/\/portal.sma.gob.cl\/index.php\/wp-json\/wp\/v2\/users\/8"}],"replies":[{"embeddable":true,"href":"https:\/\/portal.sma.gob.cl\/index.php\/wp-json\/wp\/v2\/comments?post=18536"}],"version-history":[{"count":1,"href":"https:\/\/portal.sma.gob.cl\/index.php\/wp-json\/wp\/v2\/posts\/18536\/revisions"}],"predecessor-version":[{"id":18537,"href":"https:\/\/portal.sma.gob.cl\/index.php\/wp-json\/wp\/v2\/posts\/18536\/revisions\/18537"}],"wp:featuredmedia":[{"embeddable":true,"href":"https:\/\/portal.sma.gob.cl\/index.php\/wp-json\/wp\/v2\/media\/18538"}],"wp:attachment":[{"href":"https:\/\/portal.sma.gob.cl\/index.php\/wp-json\/wp\/v2\/media?parent=18536"}],"wp:term":[{"taxonomy":"category","embeddable":true,"href":"https:\/\/portal.sma.gob.cl\/index.php\/wp-json\/wp\/v2\/categories?post=18536"},{"taxonomy":"post_tag","embeddable":true,"href":"https:\/\/portal.sma.gob.cl\/index.php\/wp-json\/wp\/v2\/tags?post=18536"}],"curies":[{"name":"wp","href":"https:\/\/api.w.org\/{rel}","templated":true}]}}