{"id":18546,"date":"2019-05-31T14:54:26","date_gmt":"2019-05-31T18:54:26","guid":{"rendered":"https:\/\/portal.sma.gob.cl\/?p=18546"},"modified":"2019-05-31T14:54:26","modified_gmt":"2019-05-31T18:54:26","slug":"coquimbo-sma-realizo-taller-sobre-requerimientos-de-informacion-a-regulados","status":"publish","type":"post","link":"https:\/\/portal.sma.gob.cl\/index.php\/coquimbo-sma-realizo-taller-sobre-requerimientos-de-informacion-a-regulados\/","title":{"rendered":"Coquimbo: SMA realiz\u00f3 taller sobre requerimientos de informaci\u00f3n a regulados"},"content":{"rendered":"<p><strong>La actividad se desarroll\u00f3 en el sal\u00f3n de actos de la SEREMI de Agricultura en La Serena, en el marco del ciclo anual de encuentros con titulares.<\/strong><\/p>\n<p><strong>La Serena, 31 de mayo de 2019.-<\/strong> El equipo de la Superintendencia del Medio Ambiente (SMA) de la Regi\u00f3n de Coquimbo realiz\u00f3 el d\u00eda 30 de mayo del presente a\u00f1o, un taller sobre la promoci\u00f3n al cumplimiento ambiental dirigido a titulares de RCA respecto a los requerimientos de informaci\u00f3n por parte de la Superintendencia a los regulados.<\/p>\n<p>La actividad tuvo como objetivo principal dar a conocer las variadas instancias en que la Autoridad Ambiental est\u00e1 facultada por la normativa ambiental para requerir informaci\u00f3n a los regulados, los canales de comunicaci\u00f3n en que se enmarcan y el est\u00e1ndar de respuesta esperado por la SMA, respecto a dichos requerimientos, para lo cual se expusieron m\u00faltiples ejemplos sobre los medios de verificaci\u00f3n.<\/p>\n<p>El encuentro estuvo orientado principalmente a los titulares con Resoluci\u00f3n de Calificaci\u00f3n Ambiental y cont\u00f3 con una amplia asistencia. En la instancia participaron regulados de diversas \u00e1reas de la actividad econ\u00f3mica, tal como miner\u00eda, agroindustria, saneamiento ambiental, acuicultura, fabriles, como tambi\u00e9n participaci\u00f3n de consultoras y municipios.<\/p>\n","protected":false},"excerpt":{"rendered":"<p>La actividad se desarroll\u00f3 en el sal\u00f3n de actos de la SEREMI de Agricultura en La Serena, en el marco del ciclo anual de encuentros con titulares. La Serena, 31 de mayo de 2019.- El equipo de la Superintendencia del Medio Ambiente (SMA) de la Regi\u00f3n de Coquimbo realiz\u00f3 el d\u00eda 30 de mayo del presente <a href=\"https:\/\/portal.sma.gob.cl\/index.php\/coquimbo-sma-realizo-taller-sobre-requerimientos-de-informacion-a-regulados\/\">Leer m\u00e1s<\/a><\/p>\n","protected":false},"author":8,"featured_media":18548,"comment_status":"open","ping_status":"open","sticky":false,"template":"","format":"standard","meta":{"footnotes":""},"categories":[107,94],"tags":[],"class_list":["post-18546","post","type-post","status-publish","format-standard","has-post-thumbnail","hentry","category-destacado","category-notas-noticias"],"_links":{"self":[{"href":"https:\/\/portal.sma.gob.cl\/index.php\/wp-json\/wp\/v2\/posts\/18546","targetHints":{"allow":["GET"]}}],"collection":[{"href":"https:\/\/portal.sma.gob.cl\/index.php\/wp-json\/wp\/v2\/posts"}],"about":[{"href":"https:\/\/portal.sma.gob.cl\/index.php\/wp-json\/wp\/v2\/types\/post"}],"author":[{"embeddable":true,"href":"https:\/\/portal.sma.gob.cl\/index.php\/wp-json\/wp\/v2\/users\/8"}],"replies":[{"embeddable":true,"href":"https:\/\/portal.sma.gob.cl\/index.php\/wp-json\/wp\/v2\/comments?post=18546"}],"version-history":[{"count":2,"href":"https:\/\/portal.sma.gob.cl\/index.php\/wp-json\/wp\/v2\/posts\/18546\/revisions"}],"predecessor-version":[{"id":18549,"href":"https:\/\/portal.sma.gob.cl\/index.php\/wp-json\/wp\/v2\/posts\/18546\/revisions\/18549"}],"wp:featuredmedia":[{"embeddable":true,"href":"https:\/\/portal.sma.gob.cl\/index.php\/wp-json\/wp\/v2\/media\/18548"}],"wp:attachment":[{"href":"https:\/\/portal.sma.gob.cl\/index.php\/wp-json\/wp\/v2\/media?parent=18546"}],"wp:term":[{"taxonomy":"category","embeddable":true,"href":"https:\/\/portal.sma.gob.cl\/index.php\/wp-json\/wp\/v2\/categories?post=18546"},{"taxonomy":"post_tag","embeddable":true,"href":"https:\/\/portal.sma.gob.cl\/index.php\/wp-json\/wp\/v2\/tags?post=18546"}],"curies":[{"name":"wp","href":"https:\/\/api.w.org\/{rel}","templated":true}]}}