{"id":18557,"date":"2019-06-03T08:49:25","date_gmt":"2019-06-03T12:49:25","guid":{"rendered":"https:\/\/portal.sma.gob.cl\/?p=18557"},"modified":"2019-06-03T08:49:25","modified_gmt":"2019-06-03T12:49:25","slug":"valparaiso-sma-realiza-taller-a-empresas-de-concon","status":"publish","type":"post","link":"https:\/\/portal.sma.gob.cl\/index.php\/valparaiso-sma-realiza-taller-a-empresas-de-concon\/","title":{"rendered":"Valpara\u00edso: SMA realiza taller a empresas de Conc\u00f3n"},"content":{"rendered":"<p><strong>En el contexto de la promoci\u00f3n al cumplimiento, la Superintendencia del Medio Ambiente realiz\u00f3 un taller a las empresas de dicha comuna y que est\u00e1n afectas al nuevo plan de descontaminaci\u00f3n de la zona.<\/strong><\/p>\n<p><strong>Valpara\u00edso, 3 de junio de 2019.<\/strong> La Oficina Regional de la Superintendencia del Medio Ambiente (SMA) en Valpara\u00edso dict\u00f3 el d\u00eda 30 de mayo del presente a\u00f1o, un taller de asistencia al cumplimiento a las empresas de la zona industrial de Conc\u00f3n, y que est\u00e1n afectas al nuevo Plan de Prevenci\u00f3n y Descontaminaci\u00f3n Atmosf\u00e9rica (PPDA) para dicha comuna, Quintero y Puchuncav\u00ed. A la actividad, asisti\u00f3 el 100% de las empresas convocadas: ENAP Refiner\u00edas, LINDE, ABASTIBLE, COPEC, ASFALCOM, LIPIGAS y BASF.<\/p>\n<p>En el taller se trat\u00f3 y se dio respuesta a consultas relacionadas con los Planes Operacionales. En este contexto, se hizo presente que estos planes se deben elaborar en base a antecedentes t\u00e9cnicos de calidad, a objeto de que cumplan con el objetivo que se espera de ellos, de que sean un instrumento eficaz para la Gesti\u00f3n de los Episodios Cr\u00edticos (GEC).<\/p>\n","protected":false},"excerpt":{"rendered":"<p>En el contexto de la promoci\u00f3n al cumplimiento, la Superintendencia del Medio Ambiente realiz\u00f3 un taller a las empresas de dicha comuna y que est\u00e1n afectas al nuevo plan de descontaminaci\u00f3n de la zona. Valpara\u00edso, 3 de junio de 2019. La Oficina Regional de la Superintendencia del Medio Ambiente (SMA) en Valpara\u00edso dict\u00f3 el d\u00eda 30 <a href=\"https:\/\/portal.sma.gob.cl\/index.php\/valparaiso-sma-realiza-taller-a-empresas-de-concon\/\">Leer m\u00e1s<\/a><\/p>\n","protected":false},"author":8,"featured_media":18558,"comment_status":"open","ping_status":"open","sticky":false,"template":"","format":"standard","meta":{"footnotes":""},"categories":[107,94],"tags":[],"class_list":["post-18557","post","type-post","status-publish","format-standard","has-post-thumbnail","hentry","category-destacado","category-notas-noticias"],"_links":{"self":[{"href":"https:\/\/portal.sma.gob.cl\/index.php\/wp-json\/wp\/v2\/posts\/18557","targetHints":{"allow":["GET"]}}],"collection":[{"href":"https:\/\/portal.sma.gob.cl\/index.php\/wp-json\/wp\/v2\/posts"}],"about":[{"href":"https:\/\/portal.sma.gob.cl\/index.php\/wp-json\/wp\/v2\/types\/post"}],"author":[{"embeddable":true,"href":"https:\/\/portal.sma.gob.cl\/index.php\/wp-json\/wp\/v2\/users\/8"}],"replies":[{"embeddable":true,"href":"https:\/\/portal.sma.gob.cl\/index.php\/wp-json\/wp\/v2\/comments?post=18557"}],"version-history":[{"count":1,"href":"https:\/\/portal.sma.gob.cl\/index.php\/wp-json\/wp\/v2\/posts\/18557\/revisions"}],"predecessor-version":[{"id":18559,"href":"https:\/\/portal.sma.gob.cl\/index.php\/wp-json\/wp\/v2\/posts\/18557\/revisions\/18559"}],"wp:featuredmedia":[{"embeddable":true,"href":"https:\/\/portal.sma.gob.cl\/index.php\/wp-json\/wp\/v2\/media\/18558"}],"wp:attachment":[{"href":"https:\/\/portal.sma.gob.cl\/index.php\/wp-json\/wp\/v2\/media?parent=18557"}],"wp:term":[{"taxonomy":"category","embeddable":true,"href":"https:\/\/portal.sma.gob.cl\/index.php\/wp-json\/wp\/v2\/categories?post=18557"},{"taxonomy":"post_tag","embeddable":true,"href":"https:\/\/portal.sma.gob.cl\/index.php\/wp-json\/wp\/v2\/tags?post=18557"}],"curies":[{"name":"wp","href":"https:\/\/api.w.org\/{rel}","templated":true}]}}