{"id":18560,"date":"2019-06-03T11:24:01","date_gmt":"2019-06-03T15:24:01","guid":{"rendered":"https:\/\/portal.sma.gob.cl\/?p=18560"},"modified":"2019-06-03T11:24:01","modified_gmt":"2019-06-03T15:24:01","slug":"sma-fiscaliza-empresas-con-fuentes-fijas-en-la-region-metropolitana-2","status":"publish","type":"post","link":"https:\/\/portal.sma.gob.cl\/index.php\/sma-fiscaliza-empresas-con-fuentes-fijas-en-la-region-metropolitana-2\/","title":{"rendered":"SMA fiscaliza empresas con fuentes fijas en la Regi\u00f3n Metropolitana"},"content":{"rendered":"<p><strong>En el marco de la segunda pre-emergencia ambiental del a\u00f1o y que rige para esta jornada, fiscalizadores de la Superintedencia del Medio Ambiente acudieron a fiscalizar fuentes fijas.<\/strong><\/p>\n<p><strong>Santiago, 03 de junio de 2019. <\/strong>En el marco de la segunda pre emergencia en lo que va del per\u00edodo 2019 y que fue decretada hoy por la Intendencia Metropolitana, profesionales de la Oficina Regional de la RM de la Superintendencia del Medio Ambiente (SMA) realizaron rondas de fiscalizaci\u00f3n de fuentes fijas en empresas de las comunas de Padre Hurtado y Pe\u00f1aflor.<\/p>\n<p>Cabe recordar que como medidas del Plan de Descontaminaci\u00f3n, en la zona A, que comprende el Gran Santiago, San Bernardo y Puente Alto, las fuentes fijas sujetas a paralizar, tanto en situaciones de pre-emergencia como de emergencia ambiental, son \u00fanicamente las que sean parte de un gran establecimiento y que correspondan a: Calderas de Calefacci\u00f3n e Industriales de potencia menor a 20 MWt cuya concentraci\u00f3n de material particulado, corregida por el factor de exceso de ox\u00edgeno, sea superior a 30 (mg\/m3N); las Calderas de Calefacci\u00f3n e Industriales de potencia igual o mayor a 20 MWt cuya concentraci\u00f3n de material particulado, corregida por el factor de exceso de ox\u00edgeno, sea superior a 20 (mg\/m3N); los hornos panaderos cuya concentraci\u00f3n de material particulado, corregida por el factor de exceso de ox\u00edgeno, sea superior a 30 (mg\/m3N); y los procesos industriales cuya concentraci\u00f3n de material particulado, corregida por el factor de exceso de ox\u00edgeno, sea superior a 20 (mg\/m3N).<\/p>\n<p>En tanto, la paralizaci\u00f3n o restricci\u00f3n de funcionamiento de las fuentes fijas regir\u00e1 por un per\u00edodo de 24 horas, renovables y a partir de la 00:00 horas del d\u00eda para el cual se declara el episodio cr\u00edtico. Estas medidas son las que fiscaliza la SMA en sus rondas durante la Gesti\u00f3n de Episodios Cr\u00edticos de la RM.<\/p>\n<p>M\u00e1s informaci\u00f3n en: <a href=\"https:\/\/portal.sma.gob.cl\/index.php\/portal-regulados\/instructivos-y-guias\/planes-de-prevencion-y-descontaminacion-ambiental\/\">Planes de Prevenci\u00f3n y Descontaminaci\u00f3n Ambiental<\/a><\/p>\n<p><img decoding=\"async\" class=\"alignnone size-large wp-image-18563\" src=\"https:\/\/portal.sma.gob.cl\/wp-content\/uploads\/2019\/06\/SMA-fiscaliza-a-empresas-con-fuente-fijas-en-RM-1024x596.jpg\" alt=\"\" width=\"1024\" height=\"596\" srcset=\"https:\/\/portal.sma.gob.cl\/wp-content\/uploads\/2019\/06\/SMA-fiscaliza-a-empresas-con-fuente-fijas-en-RM-200x116.jpg 200w, https:\/\/portal.sma.gob.cl\/wp-content\/uploads\/2019\/06\/SMA-fiscaliza-a-empresas-con-fuente-fijas-en-RM-300x175.jpg 300w, https:\/\/portal.sma.gob.cl\/wp-content\/uploads\/2019\/06\/SMA-fiscaliza-a-empresas-con-fuente-fijas-en-RM-400x233.jpg 400w, https:\/\/portal.sma.gob.cl\/wp-content\/uploads\/2019\/06\/SMA-fiscaliza-a-empresas-con-fuente-fijas-en-RM-600x349.jpg 600w, https:\/\/portal.sma.gob.cl\/wp-content\/uploads\/2019\/06\/SMA-fiscaliza-a-empresas-con-fuente-fijas-en-RM-768x447.jpg 768w, https:\/\/portal.sma.gob.cl\/wp-content\/uploads\/2019\/06\/SMA-fiscaliza-a-empresas-con-fuente-fijas-en-RM-800x465.jpg 800w, https:\/\/portal.sma.gob.cl\/wp-content\/uploads\/2019\/06\/SMA-fiscaliza-a-empresas-con-fuente-fijas-en-RM-1024x596.jpg 1024w, https:\/\/portal.sma.gob.cl\/wp-content\/uploads\/2019\/06\/SMA-fiscaliza-a-empresas-con-fuente-fijas-en-RM.jpg 1100w\" sizes=\"(max-width: 1024px) 100vw, 1024px\" \/><\/p>\n","protected":false},"excerpt":{"rendered":"<p>En el marco de la segunda pre-emergencia ambiental del a\u00f1o y que rige para esta jornada, fiscalizadores de la Superintedencia del Medio Ambiente acudieron a fiscalizar fuentes fijas. Santiago, 03 de junio de 2019. En el marco de la segunda pre emergencia en lo que va del per\u00edodo 2019 y que fue decretada hoy por la <a href=\"https:\/\/portal.sma.gob.cl\/index.php\/sma-fiscaliza-empresas-con-fuentes-fijas-en-la-region-metropolitana-2\/\">Leer m\u00e1s<\/a><\/p>\n","protected":false},"author":8,"featured_media":18562,"comment_status":"open","ping_status":"open","sticky":false,"template":"","format":"standard","meta":{"footnotes":""},"categories":[107,94],"tags":[],"class_list":["post-18560","post","type-post","status-publish","format-standard","has-post-thumbnail","hentry","category-destacado","category-notas-noticias"],"_links":{"self":[{"href":"https:\/\/portal.sma.gob.cl\/index.php\/wp-json\/wp\/v2\/posts\/18560","targetHints":{"allow":["GET"]}}],"collection":[{"href":"https:\/\/portal.sma.gob.cl\/index.php\/wp-json\/wp\/v2\/posts"}],"about":[{"href":"https:\/\/portal.sma.gob.cl\/index.php\/wp-json\/wp\/v2\/types\/post"}],"author":[{"embeddable":true,"href":"https:\/\/portal.sma.gob.cl\/index.php\/wp-json\/wp\/v2\/users\/8"}],"replies":[{"embeddable":true,"href":"https:\/\/portal.sma.gob.cl\/index.php\/wp-json\/wp\/v2\/comments?post=18560"}],"version-history":[{"count":2,"href":"https:\/\/portal.sma.gob.cl\/index.php\/wp-json\/wp\/v2\/posts\/18560\/revisions"}],"predecessor-version":[{"id":18564,"href":"https:\/\/portal.sma.gob.cl\/index.php\/wp-json\/wp\/v2\/posts\/18560\/revisions\/18564"}],"wp:featuredmedia":[{"embeddable":true,"href":"https:\/\/portal.sma.gob.cl\/index.php\/wp-json\/wp\/v2\/media\/18562"}],"wp:attachment":[{"href":"https:\/\/portal.sma.gob.cl\/index.php\/wp-json\/wp\/v2\/media?parent=18560"}],"wp:term":[{"taxonomy":"category","embeddable":true,"href":"https:\/\/portal.sma.gob.cl\/index.php\/wp-json\/wp\/v2\/categories?post=18560"},{"taxonomy":"post_tag","embeddable":true,"href":"https:\/\/portal.sma.gob.cl\/index.php\/wp-json\/wp\/v2\/tags?post=18560"}],"curies":[{"name":"wp","href":"https:\/\/api.w.org\/{rel}","templated":true}]}}