{"id":18577,"date":"2019-06-05T15:05:53","date_gmt":"2019-06-05T19:05:53","guid":{"rendered":"https:\/\/portal.sma.gob.cl\/?p=18577"},"modified":"2019-06-05T16:08:19","modified_gmt":"2019-06-05T20:08:19","slug":"chiloe-sma-dicta-medidas-provisionales-contra-vertedero-dicham","status":"publish","type":"post","link":"https:\/\/portal.sma.gob.cl\/index.php\/chiloe-sma-dicta-medidas-provisionales-contra-vertedero-dicham\/","title":{"rendered":"CHILO\u00c9: SMA dicta medidas provisionales contra Vertedero Dicham"},"content":{"rendered":"<p><strong>El vertedero industrial Dicham tiene incumplimientos a su Resoluci\u00f3n de Calificaci\u00f3n Ambiental (RCA), por lo que se renovaron medidas provisionales para evitar un da\u00f1o inminente al medio ambiente y la salud de las personas.<\/strong><\/p>\n<p><strong>Chilo\u00e9, 05 de junio de 2019<\/strong>. El Superintendente del Medio Ambiente (S) dictamin\u00f3 renovar las medidas provisionales contra el \u201cVertedero Industrial Controlado Dicham\u201d, con el objetivo de evitar un da\u00f1o inminente al medio ambiente o a la salud de las personas, debido a que en diversas inspecciones se ha constatado la generaci\u00f3n y acumulaci\u00f3n de lixiviados-en un proyecto con compromiso de no generarlos-, al emplazamiento en un \u00e1rea mayor a la autorizada y al deficiente manejo de las aguas lluvias.<\/p>\n<p>Cabe recordar que el 11 de abril se ordenaron medidas provisionales contra el mismo proyecto, y posteriormente, el 30 de mayo se inici\u00f3 un proceso de sanci\u00f3n por incumplimientos a la RCA del proyecto, con 8 infracciones detectadas.<\/p>\n<p>En esta ocasi\u00f3n, y debido a que persisten deficiencias en la operaci\u00f3n del Vertedero, se mantiene la hip\u00f3tesis de riesgo ambiental. Por eso, se dictan las siguientes medidas, que se deben implementar en un plazo de 30 d\u00edas corridos:<\/p>\n<p>a) Controlar las descargas de los l\u00edquidos lixiviados (crudos o mezclados con aguas lluvias) hacia predios vecinos, canales de evacuaci\u00f3n de aguas lluvias y a cursos de aguas superficiales.<\/p>\n<p>b) Realizar mediciones de la calidad de las aguas subterr\u00e1neas respecto de los par\u00e1metros establecidos en el art\u00edculo 47 del D.S. N\u00b0 189\/2005 del Ministerio de Salud. La medici\u00f3n deber\u00e1 realizarse en al menos 2 puntos de monitoreos de pozos cercanos, uno de aguas arriba y el otro aguas abajo del vertedero. Los muestreos deber\u00e1n ejecutarse por medio de una Entidad T\u00e9cnica de Fiscalizaci\u00f3n Ambiental autorizada por esta Superintendencia<\/p>\n<p>c) Entregar un informe detallado y consolidado respecto a cada una de las medidas establecidas en esta resoluci\u00f3n, el cual deber\u00e1 ser ingresado a las oficinas de la Superintendencia de la Regi\u00f3n de Los Lagos, el \u00faltimo d\u00eda h\u00e1bil de vigencia de la presente medida.<\/p>\n","protected":false},"excerpt":{"rendered":"<p>El vertedero industrial Dicham tiene incumplimientos a su Resoluci\u00f3n de Calificaci\u00f3n Ambiental (RCA), por lo que se renovaron medidas provisionales para evitar un da\u00f1o inminente al medio ambiente y la salud de las personas. Chilo\u00e9, 05 de junio de 2019. El Superintendente del Medio Ambiente (S) dictamin\u00f3 renovar las medidas provisionales contra el \u201cVertedero Industrial Controlado <a href=\"https:\/\/portal.sma.gob.cl\/index.php\/chiloe-sma-dicta-medidas-provisionales-contra-vertedero-dicham\/\">Leer m\u00e1s<\/a><\/p>\n","protected":false},"author":9,"featured_media":18580,"comment_status":"open","ping_status":"open","sticky":false,"template":"","format":"standard","meta":{"footnotes":""},"categories":[90,107],"tags":[123,110,129],"class_list":["post-18577","post","type-post","status-publish","format-standard","has-post-thumbnail","hentry","category-comunicados-noticias","category-destacado","tag-dicham","tag-sma","tag-vertedero"],"_links":{"self":[{"href":"https:\/\/portal.sma.gob.cl\/index.php\/wp-json\/wp\/v2\/posts\/18577","targetHints":{"allow":["GET"]}}],"collection":[{"href":"https:\/\/portal.sma.gob.cl\/index.php\/wp-json\/wp\/v2\/posts"}],"about":[{"href":"https:\/\/portal.sma.gob.cl\/index.php\/wp-json\/wp\/v2\/types\/post"}],"author":[{"embeddable":true,"href":"https:\/\/portal.sma.gob.cl\/index.php\/wp-json\/wp\/v2\/users\/9"}],"replies":[{"embeddable":true,"href":"https:\/\/portal.sma.gob.cl\/index.php\/wp-json\/wp\/v2\/comments?post=18577"}],"version-history":[{"count":2,"href":"https:\/\/portal.sma.gob.cl\/index.php\/wp-json\/wp\/v2\/posts\/18577\/revisions"}],"predecessor-version":[{"id":18579,"href":"https:\/\/portal.sma.gob.cl\/index.php\/wp-json\/wp\/v2\/posts\/18577\/revisions\/18579"}],"wp:featuredmedia":[{"embeddable":true,"href":"https:\/\/portal.sma.gob.cl\/index.php\/wp-json\/wp\/v2\/media\/18580"}],"wp:attachment":[{"href":"https:\/\/portal.sma.gob.cl\/index.php\/wp-json\/wp\/v2\/media?parent=18577"}],"wp:term":[{"taxonomy":"category","embeddable":true,"href":"https:\/\/portal.sma.gob.cl\/index.php\/wp-json\/wp\/v2\/categories?post=18577"},{"taxonomy":"post_tag","embeddable":true,"href":"https:\/\/portal.sma.gob.cl\/index.php\/wp-json\/wp\/v2\/tags?post=18577"}],"curies":[{"name":"wp","href":"https:\/\/api.w.org\/{rel}","templated":true}]}}