{"id":18586,"date":"2019-06-07T14:31:49","date_gmt":"2019-06-07T18:31:49","guid":{"rendered":"https:\/\/portal.sma.gob.cl\/?p=18586"},"modified":"2019-06-07T19:49:35","modified_gmt":"2019-06-07T23:49:35","slug":"concon-sma-dicta-medidas-provisionales-contra-la-planta-de-cultivo-de-champinones-mauco","status":"publish","type":"post","link":"https:\/\/portal.sma.gob.cl\/index.php\/concon-sma-dicta-medidas-provisionales-contra-la-planta-de-cultivo-de-champinones-mauco\/","title":{"rendered":"Conc\u00f3n: SMA dicta medidas provisionales contra la Planta de Cultivo de Champi\u00f1ones Mauco"},"content":{"rendered":"<p><strong>\u00a0<\/strong><strong>La medida se tom\u00f3 luego de fiscalizar los compromisos ambientales de la planta, tras varias denuncias de la comunidad por malos olores en Conc\u00f3n.<\/strong><\/p>\n<p><strong>Valpara\u00edso, 07 de junio de 2019. <\/strong>El Superintendente del Medio Ambiente dict\u00f3 medidas provisionales contra la \u201cPlanta de Cultivo de Champi\u00f1ones Mauco S.A.\u201d de Inversiones Bosque del Mauco, ubicada en Parcela N\u00b0 40, ex Fundo Las Gaviotas, Ruta F-30-E, comuna de Quintero, regi\u00f3n de Valpara\u00edso. Dicha unidad fiscalizable desarrolla el cultivo de champi\u00f1ones y la producci\u00f3n de conservas y envasado del mismo producto.<\/p>\n<p>Debido a distintas denuncias recibidas por la SMA respecto a malos olores percibidos por vecinos de Conc\u00f3n, se realizaron visitas inspectivas a varias actividades productivas que coexisten en el cord\u00f3n industrial de la zona. En este caso, el 31 de mayo de 2019, se realiz\u00f3 una actividad de inspecci\u00f3n a dicha planta con el objeto de verificar el cumplimiento de los puntos establecidos en la RCA N\u00b0 1290\/2009, referidos a la operaci\u00f3n del sistema de recirculaci\u00f3n de RILES y emisiones a la atm\u00f3sfera.<\/p>\n<p>En la inspecci\u00f3n se detect\u00f3 que existen hallazgos asociados a la la generaci\u00f3n y emisi\u00f3n de olores molestos provenientes de las aguas acumuladas en tres sectores que forman parte del proceso de recirculaci\u00f3n de aguas de procesos.<\/p>\n<p>Por esta raz\u00f3n, y considerando que la Ley Org\u00e1nica de la SMA establece que se pueden dictar medidas provisionales con el objeto de evitar un da\u00f1o inminente al medio ambiente o a la salud de las personas, se dictaron las siguientes medidas contra la planta, que deben cumplirse e informarse en 15 d\u00edas h\u00e1biles:<\/p>\n<ol>\n<li>Retiro de las aguas residuales dispuestas en la Piscina de Purines y su reemplazo por agua fresca<\/li>\n<li>Disponer de acciones, esto es, obras f\u00edsicas y operacionales, que permitan el libre escurrimiento de las aguas de recirculaci\u00f3n.<\/li>\n<li>Retiro de lodos acopiados al costado de la piscina de purines.<\/li>\n<li>Monitoreo de las aguas seg\u00fan lo dispuesto en su Resoluci\u00f3n de Calificaci\u00f3n Ambiental que establece el Programa de seguimiento de las operaciones con RILES.<\/li>\n<\/ol>\n<p>&nbsp;<\/p>\n<p><strong>Se requiere informaci\u00f3n a ENAP Refiner\u00edas<\/strong><\/p>\n<p>En tanto, debido a las denuncias de olores molestos en la zona, se han realizado 10 visitas inspectivas a las empresas fiscalizables que operan en el cord\u00f3n industrial de Conc\u00f3n. En el caso de Enap Refiner\u00edas, la SMA realiz\u00f3 un requerimiento de informaci\u00f3n respecto de sus operaciones y la generaci\u00f3n de Compuestos Org\u00e1nicos Vol\u00e1tiles (COV) y Compuestos odor\u00edferos, y tambi\u00e9n se solicit\u00f3 una modelaci\u00f3n de dispersi\u00f3n de estos.<\/p>\n<p>Por otra parte, se solicit\u00f3 a la empresa realizar un monitoreo de olores mediante un panel de expertos, medida que debe cumplirse en un plazo de 15 d\u00edas h\u00e1biles.<\/p>\n<p>Estas medidas tienen por objeto ir recabando informaci\u00f3n con el fin de determinar la causa de los olores molestos que ha denunciado la comunidad a esta Superintendencia.<\/p>\n","protected":false},"excerpt":{"rendered":"<p>\u00a0La medida se tom\u00f3 luego de fiscalizar los compromisos ambientales de la planta, tras varias denuncias de la comunidad por malos olores en Conc\u00f3n. Valpara\u00edso, 07 de junio de 2019. El Superintendente del Medio Ambiente dict\u00f3 medidas provisionales contra la \u201cPlanta de Cultivo de Champi\u00f1ones Mauco S.A.\u201d de Inversiones Bosque del Mauco, ubicada en Parcela N\u00b0 <a href=\"https:\/\/portal.sma.gob.cl\/index.php\/concon-sma-dicta-medidas-provisionales-contra-la-planta-de-cultivo-de-champinones-mauco\/\">Leer m\u00e1s<\/a><\/p>\n","protected":false},"author":9,"featured_media":18588,"comment_status":"open","ping_status":"open","sticky":false,"template":"","format":"standard","meta":{"footnotes":""},"categories":[90,107],"tags":[133,119,131,132,120,110],"class_list":["post-18586","post","type-post","status-publish","format-standard","has-post-thumbnail","hentry","category-comunicados-noticias","category-destacado","tag-champinones","tag-concon","tag-enap","tag-mauco","tag-olores","tag-sma"],"_links":{"self":[{"href":"https:\/\/portal.sma.gob.cl\/index.php\/wp-json\/wp\/v2\/posts\/18586","targetHints":{"allow":["GET"]}}],"collection":[{"href":"https:\/\/portal.sma.gob.cl\/index.php\/wp-json\/wp\/v2\/posts"}],"about":[{"href":"https:\/\/portal.sma.gob.cl\/index.php\/wp-json\/wp\/v2\/types\/post"}],"author":[{"embeddable":true,"href":"https:\/\/portal.sma.gob.cl\/index.php\/wp-json\/wp\/v2\/users\/9"}],"replies":[{"embeddable":true,"href":"https:\/\/portal.sma.gob.cl\/index.php\/wp-json\/wp\/v2\/comments?post=18586"}],"version-history":[{"count":2,"href":"https:\/\/portal.sma.gob.cl\/index.php\/wp-json\/wp\/v2\/posts\/18586\/revisions"}],"predecessor-version":[{"id":18589,"href":"https:\/\/portal.sma.gob.cl\/index.php\/wp-json\/wp\/v2\/posts\/18586\/revisions\/18589"}],"wp:featuredmedia":[{"embeddable":true,"href":"https:\/\/portal.sma.gob.cl\/index.php\/wp-json\/wp\/v2\/media\/18588"}],"wp:attachment":[{"href":"https:\/\/portal.sma.gob.cl\/index.php\/wp-json\/wp\/v2\/media?parent=18586"}],"wp:term":[{"taxonomy":"category","embeddable":true,"href":"https:\/\/portal.sma.gob.cl\/index.php\/wp-json\/wp\/v2\/categories?post=18586"},{"taxonomy":"post_tag","embeddable":true,"href":"https:\/\/portal.sma.gob.cl\/index.php\/wp-json\/wp\/v2\/tags?post=18586"}],"curies":[{"name":"wp","href":"https:\/\/api.w.org\/{rel}","templated":true}]}}