{"id":18598,"date":"2019-06-11T13:09:55","date_gmt":"2019-06-11T17:09:55","guid":{"rendered":"https:\/\/portal.sma.gob.cl\/?p=18598"},"modified":"2019-06-11T13:09:55","modified_gmt":"2019-06-11T17:09:55","slug":"araucania-sma-fiscaliza-a-empresa-de-extraccion-de-aridos-y-a-una-forestal","status":"publish","type":"post","link":"https:\/\/portal.sma.gob.cl\/index.php\/araucania-sma-fiscaliza-a-empresa-de-extraccion-de-aridos-y-a-una-forestal\/","title":{"rendered":"Araucan\u00eda: SMA fiscaliza a empresa de extracci\u00f3n de \u00e1ridos y a una forestal"},"content":{"rendered":"<p><strong>Inspecciones se enmarca dentro del proceso de atenci\u00f3n de denuncias y est\u00e1n orientadas a verificar la condici\u00f3n de los hechos denunciados.<\/strong><\/p>\n<p><strong>Temuco, 11 de junio de 2019.<\/strong> En el contexto del proceso de atenci\u00f3n de denuncias, profesionales de la Superintendencia del Medio Ambiente (SMA) de la regi\u00f3n de La Araucan\u00eda, se trasladaron el d\u00eda 07 de junio del presente a\u00f1o a las comunas de Gorbea y Pitrufqu\u00e9n para desarrollar fiscalizaciones a la Forestal Melinka, empresa del rubro forestal ubicada en la localidad de Quitrat\u00fae (Gorbea), y a la empresa de transportes Terranova (Pitrufqu\u00e9n), a ra\u00edz de una denuncia de extracci\u00f3n de \u00e1ridos.<\/p>\n<p>Las actividades se centraron en verificar los aspectos denunciados en ambos proyectos, realizando el levantamiento de antecedentes para posteriormente pasar a la etapa de an\u00e1lisis y\/o requerimiento de mayores antecedentes seg\u00fan evolucione el caso.<\/p>\n<p>Posteriormente, la SMA elaborar\u00e1 un informe con los datos obtenidos en terreno de cada inspecci\u00f3n y las conclusiones respectivas, junto al an\u00e1lisis de la informaci\u00f3n que sea requerida para resolver conforme al procedimiento de atenci\u00f3n de las denuncias.<\/p>\n","protected":false},"excerpt":{"rendered":"<p>Inspecciones se enmarca dentro del proceso de atenci\u00f3n de denuncias y est\u00e1n orientadas a verificar la condici\u00f3n de los hechos denunciados. Temuco, 11 de junio de 2019. En el contexto del proceso de atenci\u00f3n de denuncias, profesionales de la Superintendencia del Medio Ambiente (SMA) de la regi\u00f3n de La Araucan\u00eda, se trasladaron el d\u00eda 07 de <a href=\"https:\/\/portal.sma.gob.cl\/index.php\/araucania-sma-fiscaliza-a-empresa-de-extraccion-de-aridos-y-a-una-forestal\/\">Leer m\u00e1s<\/a><\/p>\n","protected":false},"author":8,"featured_media":18600,"comment_status":"open","ping_status":"open","sticky":false,"template":"","format":"standard","meta":{"footnotes":""},"categories":[107,94],"tags":[],"class_list":["post-18598","post","type-post","status-publish","format-standard","has-post-thumbnail","hentry","category-destacado","category-notas-noticias"],"_links":{"self":[{"href":"https:\/\/portal.sma.gob.cl\/index.php\/wp-json\/wp\/v2\/posts\/18598","targetHints":{"allow":["GET"]}}],"collection":[{"href":"https:\/\/portal.sma.gob.cl\/index.php\/wp-json\/wp\/v2\/posts"}],"about":[{"href":"https:\/\/portal.sma.gob.cl\/index.php\/wp-json\/wp\/v2\/types\/post"}],"author":[{"embeddable":true,"href":"https:\/\/portal.sma.gob.cl\/index.php\/wp-json\/wp\/v2\/users\/8"}],"replies":[{"embeddable":true,"href":"https:\/\/portal.sma.gob.cl\/index.php\/wp-json\/wp\/v2\/comments?post=18598"}],"version-history":[{"count":1,"href":"https:\/\/portal.sma.gob.cl\/index.php\/wp-json\/wp\/v2\/posts\/18598\/revisions"}],"predecessor-version":[{"id":18599,"href":"https:\/\/portal.sma.gob.cl\/index.php\/wp-json\/wp\/v2\/posts\/18598\/revisions\/18599"}],"wp:featuredmedia":[{"embeddable":true,"href":"https:\/\/portal.sma.gob.cl\/index.php\/wp-json\/wp\/v2\/media\/18600"}],"wp:attachment":[{"href":"https:\/\/portal.sma.gob.cl\/index.php\/wp-json\/wp\/v2\/media?parent=18598"}],"wp:term":[{"taxonomy":"category","embeddable":true,"href":"https:\/\/portal.sma.gob.cl\/index.php\/wp-json\/wp\/v2\/categories?post=18598"},{"taxonomy":"post_tag","embeddable":true,"href":"https:\/\/portal.sma.gob.cl\/index.php\/wp-json\/wp\/v2\/tags?post=18598"}],"curies":[{"name":"wp","href":"https:\/\/api.w.org\/{rel}","templated":true}]}}