{"id":18606,"date":"2019-06-13T09:31:26","date_gmt":"2019-06-13T13:31:26","guid":{"rendered":"https:\/\/portal.sma.gob.cl\/?p=18606"},"modified":"2019-06-13T09:38:37","modified_gmt":"2019-06-13T13:38:37","slug":"sma-amplia-plazos-para-actualizacion-de-planes-de-prevencion-de-contingencias-y-planes-de-emergencia","status":"publish","type":"post","link":"https:\/\/portal.sma.gob.cl\/index.php\/sma-amplia-plazos-para-actualizacion-de-planes-de-prevencion-de-contingencias-y-planes-de-emergencia\/","title":{"rendered":"SMA ampl\u00eda plazos para actualizaci\u00f3n de planes de prevenci\u00f3n de contingencias y planes de emergencia"},"content":{"rendered":"<p><strong>El d\u00eda 07 de junio del presente a\u00f1o se public\u00f3 en el Diario Oficial la Resoluci\u00f3n Exenta 760 para la extensi\u00f3n del plazo sobre la actualizaci\u00f3n de los planes de prevenci\u00f3n de contingencias y planes de emergencias.<\/strong><\/p>\n<p><strong>Santiago, 13 de junio de 2019.<\/strong> La Superintendencia del Medio Ambiente (SMA) informa a la comunidad regulada que se ampl\u00eda el plazo para remitir los antecedentes requeridos por la R.E. N\u00ba1.610\/2018 de la SMA, a 30 d\u00edas h\u00e1biles contados desde la publicaci\u00f3n de la Resoluci\u00f3n Exenta 760.<\/p>\n<p>Cabe recordar que, el art\u00edculo segundo de la R.E. N\u00ba 1.610\/2018, de la SMA, establece que &#8220;se aplicar\u00e1 la presente instrucci\u00f3n a todos los titulares de Resoluciones de Calificaci\u00f3n Ambiental (RCA) que cuenten dentro de sus normas, condiciones o medidas, con la obligaci\u00f3n de mantener Planes de Prevenci\u00f3n de Contingencias y\/o Planes de Emergencia, de acuerdo a lo establecido durante el respectivo procedimiento de evaluaci\u00f3n de impacto ambiental&#8221;.<\/p>\n<p>En los hechos, la R.E. N\u00ba 1.610\/2018, de la SMA, fue publicada en el Diario Oficial con fecha 9 de enero de 2019, por lo tanto, el plazo de 90 d\u00edas para remitir los antecedentes requeridos por dicha resoluci\u00f3n, se cumpli\u00f3 el d\u00eda 17 de mayo del presente a\u00f1o.<\/p>\n<p>Dicha decisi\u00f3n, se basa en consideraci\u00f3n al n\u00famero de proyectos que han sido calificados ambientalmente favorables a la fecha y a la envergadura de los antecedentes que deben ser cargados por los titulares al Sistema de RCA administrado por esta Superintendencia, se hace necesario ampliar el plazo establecido en el art\u00edculo sexto de la R.E. mencionada.<\/p>\n<p>Se previene que la informaci\u00f3n requerida deber\u00e1 ser remitida al Sistema de RCA de la Superintendencia del Medio Ambiente, disponible en http:\/\/www.sma.gob.cl Todo ello, de acuerdo a los elementos disponibles en la plataforma para identificar la informaci\u00f3n requerida.<\/p>\n<p>Para m\u00e1s informaci\u00f3n contactar nuestros canales de atenci\u00f3n ciudadana en el siguiente <a href=\"https:\/\/portal.sma.gob.cl\/index.php\/contactenos\/\">link<\/a> o llamar al tel\u00e9fono 226171800<\/p>\n","protected":false},"excerpt":{"rendered":"<p>El d\u00eda 07 de junio del presente a\u00f1o se public\u00f3 en el Diario Oficial la Resoluci\u00f3n Exenta 760 para la extensi\u00f3n del plazo sobre la actualizaci\u00f3n de los planes de prevenci\u00f3n de contingencias y planes de emergencias. Santiago, 13 de junio de 2019. La Superintendencia del Medio Ambiente (SMA) informa a la comunidad regulada que se <a href=\"https:\/\/portal.sma.gob.cl\/index.php\/sma-amplia-plazos-para-actualizacion-de-planes-de-prevencion-de-contingencias-y-planes-de-emergencia\/\">Leer m\u00e1s<\/a><\/p>\n","protected":false},"author":8,"featured_media":18610,"comment_status":"open","ping_status":"open","sticky":false,"template":"","format":"standard","meta":{"footnotes":""},"categories":[107,94],"tags":[],"class_list":["post-18606","post","type-post","status-publish","format-standard","has-post-thumbnail","hentry","category-destacado","category-notas-noticias"],"_links":{"self":[{"href":"https:\/\/portal.sma.gob.cl\/index.php\/wp-json\/wp\/v2\/posts\/18606","targetHints":{"allow":["GET"]}}],"collection":[{"href":"https:\/\/portal.sma.gob.cl\/index.php\/wp-json\/wp\/v2\/posts"}],"about":[{"href":"https:\/\/portal.sma.gob.cl\/index.php\/wp-json\/wp\/v2\/types\/post"}],"author":[{"embeddable":true,"href":"https:\/\/portal.sma.gob.cl\/index.php\/wp-json\/wp\/v2\/users\/8"}],"replies":[{"embeddable":true,"href":"https:\/\/portal.sma.gob.cl\/index.php\/wp-json\/wp\/v2\/comments?post=18606"}],"version-history":[{"count":3,"href":"https:\/\/portal.sma.gob.cl\/index.php\/wp-json\/wp\/v2\/posts\/18606\/revisions"}],"predecessor-version":[{"id":18611,"href":"https:\/\/portal.sma.gob.cl\/index.php\/wp-json\/wp\/v2\/posts\/18606\/revisions\/18611"}],"wp:featuredmedia":[{"embeddable":true,"href":"https:\/\/portal.sma.gob.cl\/index.php\/wp-json\/wp\/v2\/media\/18610"}],"wp:attachment":[{"href":"https:\/\/portal.sma.gob.cl\/index.php\/wp-json\/wp\/v2\/media?parent=18606"}],"wp:term":[{"taxonomy":"category","embeddable":true,"href":"https:\/\/portal.sma.gob.cl\/index.php\/wp-json\/wp\/v2\/categories?post=18606"},{"taxonomy":"post_tag","embeddable":true,"href":"https:\/\/portal.sma.gob.cl\/index.php\/wp-json\/wp\/v2\/tags?post=18606"}],"curies":[{"name":"wp","href":"https:\/\/api.w.org\/{rel}","templated":true}]}}