{"id":18621,"date":"2019-06-17T17:43:34","date_gmt":"2019-06-17T21:43:34","guid":{"rendered":"https:\/\/portal.sma.gob.cl\/?p=18621"},"modified":"2019-06-17T17:43:34","modified_gmt":"2019-06-17T21:43:34","slug":"los-lagos-sma-fiscaliza-vertederos-industriales-en-las-provincias-de-chiloe-y-llanquihue","status":"publish","type":"post","link":"https:\/\/portal.sma.gob.cl\/index.php\/los-lagos-sma-fiscaliza-vertederos-industriales-en-las-provincias-de-chiloe-y-llanquihue\/","title":{"rendered":"Los Lagos: SMA fiscaliza Vertederos Industriales en las provincias de Chilo\u00e9 y Llanquihue"},"content":{"rendered":"<p><strong>Inspecciones tienen por objeto atender las denuncias ciudadanas y verificar el cumplimiento de estas instalaciones.<\/strong><\/p>\n<p><strong>Puerto Montt, 17 de junio de 2019.<\/strong> La Superintendencia del Medio Ambiente (SMA) inspeccion\u00f3 los Vertederos industriales \u201cAconser (ex Najar)\u201d de la empresa Aconser SpA, sin Resoluci\u00f3n de Calificaci\u00f3n Ambiental (RCA) y el \u201cVertedero Corcovado\u201d de la empresa Agr\u00edcola Corcovado Ltda, y cuenta con la RCA N\u00b0543 del 23 de agosto de 2005 y la RCA N\u00b0202 del 7 de abril del 2008. Ambos Vertederos se ubican en el sector de Mocopulli de la comuna de Dalcahue. La inspecci\u00f3n se desarroll\u00f3 el d\u00eda jueves 13 de junio del presente a\u00f1o, donde se levantaron antecedentes propios de estas instalaciones, y que dicen relaci\u00f3n con el manejo de los residuos, manejo de lixiviados, manejo de aguas lluvias, entre otros.<\/p>\n<p>Por otro lado, el d\u00eda mi\u00e9rcoles 12 de junio del presente a\u00f1o, funcionarios de la SMA en conjunto con funcionarios de la SEREMI de Salud, fiscalizaron la instalaci\u00f3n de disposici\u00f3n de residuos \u201cVertedero El Empalme\u201d, que opera la empresa REXIN Ltda, y la cual cuenta con 5 RCA. En esta inspecci\u00f3n se focalizaron los esfuerzos en las RCA N\u00b091 del 2009 \u201cMejoramiento de las condiciones de operaci\u00f3n del vertedero el empalme, regularizaci\u00f3n y ampliaci\u00f3n\u201d y en la RCA N\u00b0157 del 2008 del \u201cSistema de adecuaci\u00f3n de lodos org\u00e1nicos para disposici\u00f3n final en vertederos de residuos s\u00f3lidos org\u00e1nicos e inorg\u00e1nicos\u201d.<\/p>\n<p>En dicha inspecci\u00f3n tambi\u00e9n participaron 2 dirigentes sociales del sector el Empalme de la Comuna de Maullin, quienes participaron en virtud del acuerdo entre la Gobernaci\u00f3n Provincial Llanquihue y la empresa fiscalizada.<\/p>\n<p>Posterior a estas fiscalizaciones, la SMA elaborar\u00e1 los informes de fiscalizaci\u00f3n correspondientes a cada inspecci\u00f3n, de manera de analizar y verificar el cumplimiento ambiental de estas instalaciones de tratamiento y disposici\u00f3n final de residuos s\u00f3lidos.<\/p>\n<p>&nbsp;<\/p>\n","protected":false},"excerpt":{"rendered":"<p>Inspecciones tienen por objeto atender las denuncias ciudadanas y verificar el cumplimiento de estas instalaciones. Puerto Montt, 17 de junio de 2019. La Superintendencia del Medio Ambiente (SMA) inspeccion\u00f3 los Vertederos industriales \u201cAconser (ex Najar)\u201d de la empresa Aconser SpA, sin Resoluci\u00f3n de Calificaci\u00f3n Ambiental (RCA) y el \u201cVertedero Corcovado\u201d de la empresa Agr\u00edcola Corcovado Ltda, <a href=\"https:\/\/portal.sma.gob.cl\/index.php\/los-lagos-sma-fiscaliza-vertederos-industriales-en-las-provincias-de-chiloe-y-llanquihue\/\">Leer m\u00e1s<\/a><\/p>\n","protected":false},"author":8,"featured_media":18623,"comment_status":"open","ping_status":"open","sticky":false,"template":"","format":"standard","meta":{"footnotes":""},"categories":[90,107],"tags":[],"class_list":["post-18621","post","type-post","status-publish","format-standard","has-post-thumbnail","hentry","category-comunicados-noticias","category-destacado"],"_links":{"self":[{"href":"https:\/\/portal.sma.gob.cl\/index.php\/wp-json\/wp\/v2\/posts\/18621","targetHints":{"allow":["GET"]}}],"collection":[{"href":"https:\/\/portal.sma.gob.cl\/index.php\/wp-json\/wp\/v2\/posts"}],"about":[{"href":"https:\/\/portal.sma.gob.cl\/index.php\/wp-json\/wp\/v2\/types\/post"}],"author":[{"embeddable":true,"href":"https:\/\/portal.sma.gob.cl\/index.php\/wp-json\/wp\/v2\/users\/8"}],"replies":[{"embeddable":true,"href":"https:\/\/portal.sma.gob.cl\/index.php\/wp-json\/wp\/v2\/comments?post=18621"}],"version-history":[{"count":1,"href":"https:\/\/portal.sma.gob.cl\/index.php\/wp-json\/wp\/v2\/posts\/18621\/revisions"}],"predecessor-version":[{"id":18622,"href":"https:\/\/portal.sma.gob.cl\/index.php\/wp-json\/wp\/v2\/posts\/18621\/revisions\/18622"}],"wp:featuredmedia":[{"embeddable":true,"href":"https:\/\/portal.sma.gob.cl\/index.php\/wp-json\/wp\/v2\/media\/18623"}],"wp:attachment":[{"href":"https:\/\/portal.sma.gob.cl\/index.php\/wp-json\/wp\/v2\/media?parent=18621"}],"wp:term":[{"taxonomy":"category","embeddable":true,"href":"https:\/\/portal.sma.gob.cl\/index.php\/wp-json\/wp\/v2\/categories?post=18621"},{"taxonomy":"post_tag","embeddable":true,"href":"https:\/\/portal.sma.gob.cl\/index.php\/wp-json\/wp\/v2\/tags?post=18621"}],"curies":[{"name":"wp","href":"https:\/\/api.w.org\/{rel}","templated":true}]}}