{"id":18624,"date":"2019-06-19T17:06:05","date_gmt":"2019-06-19T21:06:05","guid":{"rendered":"https:\/\/portal.sma.gob.cl\/?p=18624"},"modified":"2019-06-19T17:06:05","modified_gmt":"2019-06-19T21:06:05","slug":"sma-realiza-actividades-de-fiscalizacion-en-el-marco-de-los-planes-de-descontaminacion","status":"publish","type":"post","link":"https:\/\/portal.sma.gob.cl\/index.php\/sma-realiza-actividades-de-fiscalizacion-en-el-marco-de-los-planes-de-descontaminacion\/","title":{"rendered":"SMA realiza actividades de fiscalizaci\u00f3n en el marco de los planes de descontaminaci\u00f3n"},"content":{"rendered":"<p><strong>Debido a los per\u00edodos de preemergencia y emergencia ambiental que rige para esta jornada, fiscalizadores de la Superintendencia del Medio Ambiente de las regiones Metropolitana, \u00d1uble, Araucan\u00eda y de Ays\u00e9n acudieron a fiscalizar fuentes fijas, material particulado y la prohibici\u00f3n del uso de artefactos a le\u00f1a en servicios p\u00fablicos y establecimientos comerciales. <\/strong><\/p>\n<p><strong>Santiago, 19 de junio de 2019.<\/strong> En el marco de la preemergencia y emergencia decretada hoy para las regiones Metropolitana, \u00d1uble, Araucan\u00eda y Ays\u00e9n, profesionales de la Superintendencia del Medio Ambiente (SMA) se desplegaron a lo largo de estas zonas para realizar rondas de fiscalizaci\u00f3n a fuentes fijas, material particulado y uso de artefactos a le\u00f1a.<\/p>\n<p>En el caso de la Regi\u00f3n Metropolitana las inspecciones estuvieron focalizadas en el cumplimiento del l\u00edmite de material particulado en calderas y procesos a empresas ubicadas en las comunas de Cerrillos y San Bernardo.<\/p>\n<p>\u00d1uble, realiz\u00f3 entre ayer y hoy, 16 actividades de fiscalizaci\u00f3n a fuentes fijas en las comunas de Chill\u00e1n y Chill\u00e1n Viejo ante episodios de preemergencias.<\/p>\n<p>En tanto, la SMA de La Araucan\u00eda inspeccion\u00f3 el uso de artefactos y calderas a le\u00f1a en las comunas de Temuco y Padre Las Casas durante el per\u00edodo de emergencia que rige para esta jornada.<\/p>\n<p>Finalmente, la SMA de Ays\u00e9n fiscaliz\u00f3 el uso de artefactos a le\u00f1a en establecimientos comerciales y p\u00fablicos.<\/p>\n<p>Cabe recordar, que en la actualidad hay 9 zonas del centro-sur de nuestro pa\u00eds, que poseen planes de descontaminaci\u00f3n con Gesti\u00f3n de Episodios Cr\u00edticos (GEC). M\u00e1s informaci\u00f3n en: <a href=\"https:\/\/portal.sma.gob.cl\/index.php\/portal-regulados\/instructivos-y-guias\/planes-de-prevencion-y-descontaminacion-ambiental\/\">Planes de Prevenci\u00f3n y Descontaminaci\u00f3n Ambiental<\/a><\/p>\n<p><img decoding=\"async\" class=\"alignnone size-large wp-image-18629\" src=\"https:\/\/portal.sma.gob.cl\/wp-content\/uploads\/2019\/06\/SMA-fiscaliza-PDA-zona-centro-sur-B-1024x578.jpg\" alt=\"\" width=\"1024\" height=\"578\" srcset=\"https:\/\/portal.sma.gob.cl\/wp-content\/uploads\/2019\/06\/SMA-fiscaliza-PDA-zona-centro-sur-B-200x113.jpg 200w, https:\/\/portal.sma.gob.cl\/wp-content\/uploads\/2019\/06\/SMA-fiscaliza-PDA-zona-centro-sur-B-300x169.jpg 300w, https:\/\/portal.sma.gob.cl\/wp-content\/uploads\/2019\/06\/SMA-fiscaliza-PDA-zona-centro-sur-B-400x226.jpg 400w, https:\/\/portal.sma.gob.cl\/wp-content\/uploads\/2019\/06\/SMA-fiscaliza-PDA-zona-centro-sur-B-600x338.jpg 600w, https:\/\/portal.sma.gob.cl\/wp-content\/uploads\/2019\/06\/SMA-fiscaliza-PDA-zona-centro-sur-B-768x433.jpg 768w, https:\/\/portal.sma.gob.cl\/wp-content\/uploads\/2019\/06\/SMA-fiscaliza-PDA-zona-centro-sur-B-800x451.jpg 800w, https:\/\/portal.sma.gob.cl\/wp-content\/uploads\/2019\/06\/SMA-fiscaliza-PDA-zona-centro-sur-B-1024x578.jpg 1024w, https:\/\/portal.sma.gob.cl\/wp-content\/uploads\/2019\/06\/SMA-fiscaliza-PDA-zona-centro-sur-B-1200x677.jpg 1200w, https:\/\/portal.sma.gob.cl\/wp-content\/uploads\/2019\/06\/SMA-fiscaliza-PDA-zona-centro-sur-B.jpg 1280w\" sizes=\"(max-width: 1024px) 100vw, 1024px\" \/><\/p>\n<p>&nbsp;<\/p>\n<p>&nbsp;<\/p>\n<p>&nbsp;<\/p>\n","protected":false},"excerpt":{"rendered":"<p>Debido a los per\u00edodos de preemergencia y emergencia ambiental que rige para esta jornada, fiscalizadores de la Superintendencia del Medio Ambiente de las regiones Metropolitana, \u00d1uble, Araucan\u00eda y de Ays\u00e9n acudieron a fiscalizar fuentes fijas, material particulado y la prohibici\u00f3n del uso de artefactos a le\u00f1a en servicios p\u00fablicos y establecimientos comerciales. Santiago, 19 de junio <a href=\"https:\/\/portal.sma.gob.cl\/index.php\/sma-realiza-actividades-de-fiscalizacion-en-el-marco-de-los-planes-de-descontaminacion\/\">Leer m\u00e1s<\/a><\/p>\n","protected":false},"author":8,"featured_media":18628,"comment_status":"open","ping_status":"open","sticky":false,"template":"","format":"standard","meta":{"footnotes":""},"categories":[107,94],"tags":[],"class_list":["post-18624","post","type-post","status-publish","format-standard","has-post-thumbnail","hentry","category-destacado","category-notas-noticias"],"_links":{"self":[{"href":"https:\/\/portal.sma.gob.cl\/index.php\/wp-json\/wp\/v2\/posts\/18624","targetHints":{"allow":["GET"]}}],"collection":[{"href":"https:\/\/portal.sma.gob.cl\/index.php\/wp-json\/wp\/v2\/posts"}],"about":[{"href":"https:\/\/portal.sma.gob.cl\/index.php\/wp-json\/wp\/v2\/types\/post"}],"author":[{"embeddable":true,"href":"https:\/\/portal.sma.gob.cl\/index.php\/wp-json\/wp\/v2\/users\/8"}],"replies":[{"embeddable":true,"href":"https:\/\/portal.sma.gob.cl\/index.php\/wp-json\/wp\/v2\/comments?post=18624"}],"version-history":[{"count":3,"href":"https:\/\/portal.sma.gob.cl\/index.php\/wp-json\/wp\/v2\/posts\/18624\/revisions"}],"predecessor-version":[{"id":18631,"href":"https:\/\/portal.sma.gob.cl\/index.php\/wp-json\/wp\/v2\/posts\/18624\/revisions\/18631"}],"wp:featuredmedia":[{"embeddable":true,"href":"https:\/\/portal.sma.gob.cl\/index.php\/wp-json\/wp\/v2\/media\/18628"}],"wp:attachment":[{"href":"https:\/\/portal.sma.gob.cl\/index.php\/wp-json\/wp\/v2\/media?parent=18624"}],"wp:term":[{"taxonomy":"category","embeddable":true,"href":"https:\/\/portal.sma.gob.cl\/index.php\/wp-json\/wp\/v2\/categories?post=18624"},{"taxonomy":"post_tag","embeddable":true,"href":"https:\/\/portal.sma.gob.cl\/index.php\/wp-json\/wp\/v2\/tags?post=18624"}],"curies":[{"name":"wp","href":"https:\/\/api.w.org\/{rel}","templated":true}]}}