{"id":18646,"date":"2019-06-24T17:26:54","date_gmt":"2019-06-24T21:26:54","guid":{"rendered":"https:\/\/portal.sma.gob.cl\/?p=18646"},"modified":"2019-06-24T17:26:54","modified_gmt":"2019-06-24T21:26:54","slug":"coquimbo-sma-realizo-taller-sobre-municipalidades-y-derivacion-de-denuncias","status":"publish","type":"post","link":"https:\/\/portal.sma.gob.cl\/index.php\/coquimbo-sma-realizo-taller-sobre-municipalidades-y-derivacion-de-denuncias\/","title":{"rendered":"Coquimbo: SMA realiz\u00f3 taller sobre Municipalidades y derivaci\u00f3n de denuncias"},"content":{"rendered":"<p><strong>La actividad se desarroll\u00f3 en sala de la Mutual de Seguridad en la comuna de La Serena, en el marco del ciclo anual de encuentros con titulares.<\/strong><\/p>\n<p><strong>La Serena, 24 de junio de 2019.-<\/strong> El equipo de la Superintendencia del Medio Ambiente (SMA) de la Regi\u00f3n de Coquimbo realiz\u00f3 el d\u00eda 20 de junio del presente a\u00f1o, un taller sobre la gesti\u00f3n y derivaci\u00f3n de denuncias llegadas a las Municipalidades y que son competencias de la SMA.<\/p>\n<p>La actividad tuvo como objetivo principal dar un repaso de las competencias que tienen las municipalidades y otros servicios p\u00fablicos en materia medio ambiental, y de c\u00f3mo se deben realizar la derivaci\u00f3n de dichas denuncias cuando son competencia de la SMA.<\/p>\n<p>Durante el taller se expuso detalladamente del procedimiento a seguir para la derivaci\u00f3n de dichas denuncias y se informaron m\u00faltiples ejemplos para la gesti\u00f3n correcta de estas.<\/p>\n<p>El encuentro estuvo orientado principalmente a las \u00e1reas de inspecci\u00f3n y gesti\u00f3n del medio ambiente de las Municipalidades, y finaliz\u00f3 con una mesa redonda donde se plantearon diferentes casos y dudas sobre el tema tratado en el taller.<\/p>\n<p>&nbsp;<\/p>\n","protected":false},"excerpt":{"rendered":"<p>La actividad se desarroll\u00f3 en sala de la Mutual de Seguridad en la comuna de La Serena, en el marco del ciclo anual de encuentros con titulares. La Serena, 24 de junio de 2019.- El equipo de la Superintendencia del Medio Ambiente (SMA) de la Regi\u00f3n de Coquimbo realiz\u00f3 el d\u00eda 20 de junio del presente <a href=\"https:\/\/portal.sma.gob.cl\/index.php\/coquimbo-sma-realizo-taller-sobre-municipalidades-y-derivacion-de-denuncias\/\">Leer m\u00e1s<\/a><\/p>\n","protected":false},"author":8,"featured_media":18648,"comment_status":"open","ping_status":"open","sticky":false,"template":"","format":"standard","meta":{"footnotes":""},"categories":[107,94],"tags":[],"class_list":["post-18646","post","type-post","status-publish","format-standard","has-post-thumbnail","hentry","category-destacado","category-notas-noticias"],"_links":{"self":[{"href":"https:\/\/portal.sma.gob.cl\/index.php\/wp-json\/wp\/v2\/posts\/18646","targetHints":{"allow":["GET"]}}],"collection":[{"href":"https:\/\/portal.sma.gob.cl\/index.php\/wp-json\/wp\/v2\/posts"}],"about":[{"href":"https:\/\/portal.sma.gob.cl\/index.php\/wp-json\/wp\/v2\/types\/post"}],"author":[{"embeddable":true,"href":"https:\/\/portal.sma.gob.cl\/index.php\/wp-json\/wp\/v2\/users\/8"}],"replies":[{"embeddable":true,"href":"https:\/\/portal.sma.gob.cl\/index.php\/wp-json\/wp\/v2\/comments?post=18646"}],"version-history":[{"count":1,"href":"https:\/\/portal.sma.gob.cl\/index.php\/wp-json\/wp\/v2\/posts\/18646\/revisions"}],"predecessor-version":[{"id":18647,"href":"https:\/\/portal.sma.gob.cl\/index.php\/wp-json\/wp\/v2\/posts\/18646\/revisions\/18647"}],"wp:featuredmedia":[{"embeddable":true,"href":"https:\/\/portal.sma.gob.cl\/index.php\/wp-json\/wp\/v2\/media\/18648"}],"wp:attachment":[{"href":"https:\/\/portal.sma.gob.cl\/index.php\/wp-json\/wp\/v2\/media?parent=18646"}],"wp:term":[{"taxonomy":"category","embeddable":true,"href":"https:\/\/portal.sma.gob.cl\/index.php\/wp-json\/wp\/v2\/categories?post=18646"},{"taxonomy":"post_tag","embeddable":true,"href":"https:\/\/portal.sma.gob.cl\/index.php\/wp-json\/wp\/v2\/tags?post=18646"}],"curies":[{"name":"wp","href":"https:\/\/api.w.org\/{rel}","templated":true}]}}